{"id":1268,"date":"2017-11-13T09:08:24","date_gmt":"2017-11-13T08:08:24","guid":{"rendered":"http:\/\/articulo30.org\/politica-defensa\/?p=1268"},"modified":"2020-08-11T15:55:43","modified_gmt":"2020-08-11T14:55:43","slug":"hacia-la-europa-de-la-defensa","status":"publish","type":"post","link":"https:\/\/articulo30.org\/politica-defensa\/hacia-la-europa-de-la-defensa\/","title":{"rendered":"\u00bfHacia la Europa de la Defensa?"},"content":{"rendered":"<p style=\"text-align: justify;\">El a\u00f1o 2016 fue sin lugar a dudas un a\u00f1o hist\u00f3rico para el impulso pol\u00edtico de la <strong>Pol\u00edtica Com\u00fan de Seguridad y Defensa de la UE<\/strong>. A pesar de formar parte del proyecto europeo desde sus inicios, la seguridad y la defensa han sido tradicionalmente relegadas de la agenda de los l\u00edderes de la Uni\u00f3n por otros asuntos hasta convertirse en una ambici\u00f3n a\u00fan hoy insatisfecha.<\/p>\n<p style=\"text-align: justify;\">Pero la irrupci\u00f3n del <em>Brexit <\/em>y la victoria electoral de Donald Trump en EE. UU. \u00a0en un marco de ausencia de proyecto pol\u00edtico com\u00fan y vac\u00edo de perspectiva estrat\u00e9gica en un contexto adem\u00e1s de crisis compartidas, provocaron una profunda incertidumbre respecto al <strong>futuro<\/strong> de la seguridad y defensa tanto de la UE como del continente europeo en su conjunto.<\/p>\n<p style=\"text-align: justify;\">La UE debe adaptarse a su nueva realidad geoestrat\u00e9gica de la era <strong>post-<em>Brexit<\/em>,<\/strong> en la que la Uni\u00f3n pierde uno de los Estados miembros que m\u00e1s gasta en defensa en Europa y que adem\u00e1s cuenta con capacidad nuclear y silla en el Consejo de Seguridad de Naciones Unidas.<\/p>\n<p style=\"text-align: justify;\">En esta coyuntura, la UE debe <strong>hacer frente<\/strong> a la falta de solidaridad y cohesi\u00f3n pol\u00edtica que se precisan para avanzar en la Pol\u00edtica Com\u00fan de Seguridad y Defensa y a aspectos no menos importantes como son, entre otros, la ineficiencia y falta de coordinaci\u00f3n en el gasto que realizan en defensa los Estados miembros y que llevan a que la Uni\u00f3n no cuente con relevancia militar proporcional al presupuesto que dedica a nivel mundial a estos asuntos (el segundo mayor del planeta); la falta de dotaci\u00f3n presupuestaria oportuna y eficiente operatividad aut\u00f3noma de las Fuerzas Armadas de los Estados; el horizonte 2024 como a\u00f1o de cumplimiento del compromiso OTAN de gasto en defensa del 2% PIB o, la necesidad de fomentar la cultura de seguridad y defensa, la conciencia de seguridad nacional y europea y el debate pol\u00edtico y ciudadano al respecto.<\/p>\n<p style=\"text-align: justify;\">Durante el \u00faltimo a\u00f1o y medio se han producido en la Uni\u00f3n avances pol\u00edticos e institucionales esenciales hacia la <strong>cooperaci\u00f3n reforzada<\/strong>. Desde la aprobaci\u00f3n de la Nueva Estrategia de Seguridad Global de la UE en junio de 2016, pasando posteriormente por la Declaraci\u00f3n de Cooperaci\u00f3n OTAN-UE; la Cumbre de Bratislava; la aprobaci\u00f3n del Plan de Acci\u00f3n de Defensa Europea y de las 42 medidas de implementaci\u00f3n del acuerdo OTAN-UE; la publicaci\u00f3n del \u201cLibro Blanco sobre el Futuro de Europa\u201d; la Cumbre de Roma reafirmando los ideales de la Uni\u00f3n en su 60 aniversario; la presentaci\u00f3n del documento \u201cUna Europa que defiende y protege\u201d y la ratificaci\u00f3n de avances clave como la Cooperaci\u00f3n Estructurada Permanente-PESCO, la activaci\u00f3n de los <em>Battle Group Packages<\/em>, la Revisi\u00f3n Coordinada en Defensa Anual y el Fondo Europeo de Defensa.<\/p>\n<p style=\"text-align: justify;\">La <strong>Cooperaci\u00f3n Estructurada Permanente<\/strong> supone una de las novedades principales de cara al impulso de la Pol\u00edtica Com\u00fan de Seguridad y Defensa, que aunque ya era una forma de cooperaci\u00f3n prevista en el Tratado de la Uni\u00f3n Europea que nunca ha sido activada, permitir\u00e1 a los Estados interesados avanzar voluntariamente con mayor intensidad y velocidad en materia de seguridad y defensa.<\/p>\n<p style=\"text-align: justify;\">Sin embargo, a pesar de los <strong>progresos<\/strong> que se han producido hasta la actualidad, est\u00e1 por ver si el grado de solidaridad y compromiso pol\u00edtico final derivar\u00e1 en un proyecto europeo s\u00f3lido capaz de garantizar la seguridad europea a partir de su autonom\u00eda estrat\u00e9gica, acompa\u00f1ado de la implementaci\u00f3n de una pol\u00edtica exterior com\u00fan.<\/p>\n<p style=\"text-align: justify;\"><em><strong>Ana Bel\u00e9n Perianes Berm\u00fadez<\/strong>,\u00a0Doctora en Paz y Seguridad Internacional<\/em><\/p>\n<p style=\"text-align: justify;\"><img decoding=\"async\" src=\"http:\/\/articulo30.org\/politica-defensa\/wp-content\/uploads\/defensa.jpg\" alt=\"\" width=\"100%\" \/><\/p>\n<p>&nbsp;<\/p>\n<div class=\"pdfprnt-buttons pdfprnt-buttons-post pdfprnt-bottom-left\"><a href=\"https:\/\/articulo30.org\/politica-defensa\/wp-json\/wp\/v2\/posts\/1268?print=print\" class=\"pdfprnt-button pdfprnt-button-print\" target=\"_blank\" ><img decoding=\"async\" src=\"http:\/\/articulo30.org\/politica-defensa\/wp-content\/plugins\/pdf-print\/images\/print.png\" alt=\"image_print\" title=\"Imprimir contenido\" \/><span class=\"pdfprnt-button-title pdfprnt-button-print-title\">Imprimir<\/span><\/a><\/div>","protected":false},"excerpt":{"rendered":"<p>El a\u00f1o 2016 fue sin lugar a dudas un a\u00f1o hist\u00f3rico para el impulso pol\u00edtico de la Pol\u00edtica Com\u00fan de Seguridad y Defensa de la UE. A pesar de formar parte del proyecto europeo desde sus inicios, la seguridad y la defensa han sido tradicionalmente relegadas de la agenda de los l\u00edderes de la Uni\u00f3n&#8230;<\/p>\n","protected":false},"author":4,"featured_media":1269,"comment_status":"closed","ping_status":"closed","sticky":false,"template":"","format":"standard","meta":{"footnotes":""},"categories":[218,247,233],"tags":[10,127,36,78],"class_list":["post-1268","post","type-post","status-publish","format-standard","has-post-thumbnail","hentry","category-cultura-estrategica","category-otan","category-union-europea","tag-otan","tag-pesco","tag-seguriad","tag-union-europea"],"_links":{"self":[{"href":"https:\/\/articulo30.org\/politica-defensa\/wp-json\/wp\/v2\/posts\/1268","targetHints":{"allow":["GET"]}}],"collection":[{"href":"https:\/\/articulo30.org\/politica-defensa\/wp-json\/wp\/v2\/posts"}],"about":[{"href":"https:\/\/articulo30.org\/politica-defensa\/wp-json\/wp\/v2\/types\/post"}],"author":[{"embeddable":true,"href":"https:\/\/articulo30.org\/politica-defensa\/wp-json\/wp\/v2\/users\/4"}],"replies":[{"embeddable":true,"href":"https:\/\/articulo30.org\/politica-defensa\/wp-json\/wp\/v2\/comments?post=1268"}],"version-history":[{"count":3,"href":"https:\/\/articulo30.org\/politica-defensa\/wp-json\/wp\/v2\/posts\/1268\/revisions"}],"predecessor-version":[{"id":1273,"href":"https:\/\/articulo30.org\/politica-defensa\/wp-json\/wp\/v2\/posts\/1268\/revisions\/1273"}],"wp:featuredmedia":[{"embeddable":true,"href":"https:\/\/articulo30.org\/politica-defensa\/wp-json\/wp\/v2\/media\/1269"}],"wp:attachment":[{"href":"https:\/\/articulo30.org\/politica-defensa\/wp-json\/wp\/v2\/media?parent=1268"}],"wp:term":[{"taxonomy":"category","embeddable":true,"href":"https:\/\/articulo30.org\/politica-defensa\/wp-json\/wp\/v2\/categories?post=1268"},{"taxonomy":"post_tag","embeddable":true,"href":"https:\/\/articulo30.org\/politica-defensa\/wp-json\/wp\/v2\/tags?post=1268"}],"curies":[{"name":"wp","href":"https:\/\/api.w.org\/{rel}","templated":true}]}}