{"id":1345,"date":"2018-01-04T08:48:45","date_gmt":"2018-01-04T07:48:45","guid":{"rendered":"http:\/\/articulo30.org\/politica-defensa\/?p=1345"},"modified":"2020-08-11T15:55:00","modified_gmt":"2020-08-11T14:55:00","slug":"fronteras-europa","status":"publish","type":"post","link":"https:\/\/articulo30.org\/politica-defensa\/fronteras-europa\/","title":{"rendered":"Unas nuevas fronteras para una nueva Europa"},"content":{"rendered":"<p style=\"text-align: justify;\">La nueva Guardia Europea de Fronteras y Costas\u00a0 se ha constituido sobre las bases de Frontex, y ejerce las funciones de control y gesti\u00f3n del sistema de fronteras del espacio Schengen que comprenden la frontera exterior y los guarda costas de los Estados miembros, actuando como \u00f3rgano de coordinaci\u00f3n para el \u00e1rea en su totalidad. Esta iniciativa surge hace un a\u00f1o como respuesta a la <strong>incapacidad<\/strong> de la UE y los Estados miembros de gestionar la crisis migratoria europea.<\/p>\n<p style=\"text-align: justify;\">\u00bfQu\u00e9 novedades plantea la Guardia Europea de Fronteras y Costas? Por un lado, el derecho de <strong>intervenci\u00f3n<\/strong>. Cuando se detecten deficiencias, la Agencia est\u00e1 facultada para exigir a los Estados miembros que adopten las medidas correctoras oportunas. En situaciones urgentes que pongan en riesgo el funcionamiento del espacio Schengen, la Agencia puede intervenir para garantizar que se adopten medidas sobre el terreno, incluso en el caso de que el Estado miembro en cuesti\u00f3n no haya solicitado ayuda o de que dicho Estado considere que no se precisa intervenci\u00f3n adicional alguna.<\/p>\n<p style=\"text-align: justify;\">En segundo lugar las <strong>normas \u00a0<\/strong>de la Uni\u00f3n para la gesti\u00f3n de las fronteras se modifican. La nueva Agencia vela por que en todas las fronteras exteriores se apliquen las normas de la Uni\u00f3n en materia de gesti\u00f3n de fronteras. Las fronteras exteriores son objeto de seguimiento permanente mediante an\u00e1lisis peri\u00f3dicos de riesgo y evaluaciones obligatorias de vulnerabilidad para identificar y abordar los puntos d\u00e9biles.<\/p>\n<p style=\"text-align: justify;\">En tercer lugar, los <strong>terceros<\/strong> pa\u00edses tienen su propio lugar. La Agencia cuenta con un nuevo mandato para enviar agentes de enlace a terceros pa\u00edses vecinos y poner en marcha operaciones conjuntas.<\/p>\n<p style=\"text-align: justify;\">En cuarto lugar, se ha duplicado el <strong>personal<\/strong> permanente de la Agencia y, por vez primera, esta puede adquirir sus propios equipos y desplegarlos en operaciones fronterizas sin previo aviso. Se pone a disposici\u00f3n de la Agencia una reserva r\u00e1pida de guardias de fronteras y un parque de equipos t\u00e9cnicos, con lo que se evita las escasez de capacidades para llevar a cabo las operaciones.<\/p>\n<p style=\"text-align: justify;\">En quinto lugar , se producen cambios en cuanto a las <strong>operaciones de retorn<\/strong>o, debido a que en la Oficina Europea de Retorno que se ha creado en el seno de la Agencia permite el despliegue de equipos europeos de intervenciones de retorno integrados por escoltas, supervisores y especialistas en retorno que trabajan para retornar a los nacionales de terceros pa\u00edses en situaci\u00f3n irregular.<\/p>\n<p style=\"text-align: justify;\">Por \u00faltimo, la Agencia se en encarga de asuntos relativos a la <strong>seguridad interior,<\/strong> incluyendo la delincuencia y el terrorismo\u00a0 en sus an\u00e1lisis de riesgo, procesa los datos personales de aquellas personas sospechosas de estar implicadas en actos de terrorismo y coopera con otras agencias de la Uni\u00f3n y organizaciones internacionales para prevenir el terrorismo.<\/p>\n<p style=\"text-align: justify;\">\u00bfQu\u00e9 implicaci\u00f3n tiene la nueva Agencia para <strong>Espa\u00f1a<\/strong>? Si bien los Estados miembros votaron un\u00e1nimente por la aprobaci\u00f3n del reglamento comunitario que introduc\u00eda la nueva Guardia Europea de Fronteras y Costas, se detecta en su articulado muchas cuestiones que depender\u00e1n en \u00faltima instancia de la voluntad de los Estados miembros de prestar o ceder contingentes para llevarlas a cabo. Por ello depender\u00e1 de Espa\u00f1a, al igual que el resto de socios comunitarios, llevar a cabo los objetivos de la nueva Agencia.<\/p>\n<p style=\"text-align: justify;\">Una vez dicho esto, la creaci\u00f3n de esta Agencia vislumbra los primeros pasos de la <strong>supranacionalizaci\u00f3n<\/strong> del control y la gesti\u00f3n de las fronteras exteriores, particularmente en los casos donde la UE considere que las fronteras son especialmente vulnerables o porosas. La posibilidad de una adopci\u00f3n de actos vinculantes para los Estados afectados muestra el principio del fin del sistema de competencias compartidas en esta materia. El hecho de que los Estados miembros se hayan comprometido a la aplicaci\u00f3n de estas medidas denota una clara voluntad de unificar criterios y constituir una pol\u00edtica com\u00fan de fronteras.<\/p>\n<p><em><strong>Manuel Herrera,<\/strong> Estudiante de Relaciones Internacionales\u00a0<\/em><\/p>\n<p><img decoding=\"async\" class=\"aligncenter\" src=\"http:\/\/articulo30.org\/politica-defensa\/wp-content\/uploads\/frontex.jpg\" alt=\"\" width=\"100%\" \/><\/p>\n<div class=\"pdfprnt-buttons pdfprnt-buttons-post pdfprnt-bottom-left\"><a href=\"https:\/\/articulo30.org\/politica-defensa\/wp-json\/wp\/v2\/posts\/1345?print=print\" class=\"pdfprnt-button pdfprnt-button-print\" target=\"_blank\" ><img decoding=\"async\" src=\"http:\/\/articulo30.org\/politica-defensa\/wp-content\/plugins\/pdf-print\/images\/print.png\" alt=\"image_print\" title=\"Imprimir contenido\" \/><span class=\"pdfprnt-button-title pdfprnt-button-print-title\">Imprimir<\/span><\/a><\/div>","protected":false},"excerpt":{"rendered":"<p>La nueva Guardia Europea de Fronteras y Costas\u00a0 se ha constituido sobre las bases de Frontex, y ejerce las funciones de control y gesti\u00f3n del sistema de fronteras del espacio Schengen que comprenden la frontera exterior y los guarda costas de los Estados miembros, actuando como \u00f3rgano de coordinaci\u00f3n para el \u00e1rea en su totalidad&#8230;.<\/p>\n","protected":false},"author":4,"featured_media":1347,"comment_status":"closed","ping_status":"closed","sticky":false,"template":"","format":"standard","meta":{"footnotes":""},"categories":[1,233],"tags":[51,131,78],"class_list":["post-1345","post","type-post","status-publish","format-standard","has-post-thumbnail","hentry","category-espana","category-union-europea","tag-espana","tag-frontex","tag-union-europea"],"_links":{"self":[{"href":"https:\/\/articulo30.org\/politica-defensa\/wp-json\/wp\/v2\/posts\/1345","targetHints":{"allow":["GET"]}}],"collection":[{"href":"https:\/\/articulo30.org\/politica-defensa\/wp-json\/wp\/v2\/posts"}],"about":[{"href":"https:\/\/articulo30.org\/politica-defensa\/wp-json\/wp\/v2\/types\/post"}],"author":[{"embeddable":true,"href":"https:\/\/articulo30.org\/politica-defensa\/wp-json\/wp\/v2\/users\/4"}],"replies":[{"embeddable":true,"href":"https:\/\/articulo30.org\/politica-defensa\/wp-json\/wp\/v2\/comments?post=1345"}],"version-history":[{"count":3,"href":"https:\/\/articulo30.org\/politica-defensa\/wp-json\/wp\/v2\/posts\/1345\/revisions"}],"predecessor-version":[{"id":1351,"href":"https:\/\/articulo30.org\/politica-defensa\/wp-json\/wp\/v2\/posts\/1345\/revisions\/1351"}],"wp:featuredmedia":[{"embeddable":true,"href":"https:\/\/articulo30.org\/politica-defensa\/wp-json\/wp\/v2\/media\/1347"}],"wp:attachment":[{"href":"https:\/\/articulo30.org\/politica-defensa\/wp-json\/wp\/v2\/media?parent=1345"}],"wp:term":[{"taxonomy":"category","embeddable":true,"href":"https:\/\/articulo30.org\/politica-defensa\/wp-json\/wp\/v2\/categories?post=1345"},{"taxonomy":"post_tag","embeddable":true,"href":"https:\/\/articulo30.org\/politica-defensa\/wp-json\/wp\/v2\/tags?post=1345"}],"curies":[{"name":"wp","href":"https:\/\/api.w.org\/{rel}","templated":true}]}}