{"id":1352,"date":"2018-01-07T19:49:34","date_gmt":"2018-01-07T18:49:34","guid":{"rendered":"http:\/\/articulo30.org\/politica-defensa\/?p=1352"},"modified":"2020-08-11T15:54:54","modified_gmt":"2020-08-11T14:54:54","slug":"polonia-ucrania-rusia","status":"publish","type":"post","link":"https:\/\/articulo30.org\/politica-defensa\/polonia-ucrania-rusia\/","title":{"rendered":"\u00bfBusca Polonia m\u00e1s influencia en Ucrania occidental?"},"content":{"rendered":"<p style=\"text-align: justify;\">Tras el ingreso en la Uni\u00f3n Europea en 2004 y su giro definitivo a Occidente, Polonia, del mismo modo que sus vecinos checos, eslovacos, h\u00fangaros, perdi\u00f3 un gran poder de <strong>influencia<\/strong> al igual que nivel de relaciones comerciales con sus vecinos m\u00e1s inmediatos en el Este, las ex-rep\u00fablicas sovi\u00e9ticas de Ucrania y Bielorrusia. Y en menor medida, lo mismo sucedi\u00f3 con las relaciones con Georgia y Moldavia.<\/p>\n<p style=\"text-align: justify;\">Polonia siempre ha mostrado un gran inter\u00e9s en su vecino ucraniano, siendo un ejemplo su\u00a0 necesidad por contar con un gran volumen <strong>mano de obra<\/strong> ucraniana a un precio competitivo para los pr\u00f3ximos a\u00f1os ante\u00a0 el problema demogr\u00e1fico, generado por la baja tasa de natalidad y la emigraci\u00f3n de un gran n\u00famero de trabajadores polacos no cualificados al Reino Unido, Alemania y Noruega, que pone en peligro el desarrollo del pa\u00eds.<\/p>\n<p style=\"text-align: justify;\">Con el inicio de la crisis en Ucrania en 2014, Polonia mantuvo desde el principio una clara posici\u00f3n favorable a los manifestantes proeuropeos del Maid\u00e1n y el gobierno polaco cooper\u00f3 con la oposici\u00f3n ucraniana. Cuando cay\u00f3 el gobierno de Yanukovic el gobierno polaco ayud\u00f3 en la formaci\u00f3n del nuevo gobierno. Sin embargo, la posici\u00f3n mayoritaria de la sociedad polaca fue de apoyo y solidaridad con los manifestantes del Maid\u00e1n, favorable al nuevo gobierno ucraniano y contrario a la invasi\u00f3n rusa de <strong>Crimea<\/strong>. Tras la anexi\u00f3n de Crimea se pudieron ver manifestaciones frente a la embajada y los consulados rusos en Polonia adem\u00e1s de numerosos actos organizados por ucranianos residentes en Polonia, apoyados por centenares de ciudadanos polacos.<\/p>\n<p style=\"text-align: justify;\">Sin embargo, a trav\u00e9s de las redes sociales, los medios de comunicaci\u00f3n as\u00ed como c\u00edrculos pol\u00edticos polacos en algunos casos cercanos al actual gobierno de Polonia sustentado por el partido Ley y Justicia se muestra cada vez un mayor inter\u00e9s por la Ucrania occidental, el propio ministro de Asuntos Exteriores W. Waszcykowski en declaraciones realizadas a finales de 2017 al diario \u201cW sieci\u201d, donde se\u00f1alaba que ciertas \u00e1reas de territorio ucraniano eran polacas, as\u00ed como a la oposici\u00f3n de su pa\u00eds a una posible adhesi\u00f3n de Ucrania a la UE, sin resolverse previamente los <strong>problemas hist\u00f3ricos<\/strong> (el embajador polaco fue convocado de urgencia por el Ministerio de Asuntos Exteriores de Ucrania). Por su parte, el parlamento ucraniano en septiembre de 2016 realizaba una declaraci\u00f3n oficial de condena sobre la acusaci\u00f3n polaca respecto a la matanza de Volinia -llevada a cabo entre 1943 y 1945 donde murieron unos 100.000 polacos a manos de nacionalistas ucranianos- producida el 22 de julio de 2016. Polonia no demuestra posiciones ambiguas en la cuesti\u00f3n de Ucrania, desarrollando su zona de <strong>influencia<\/strong>, reclama la presencia de la Iglesia polaca en territorio ucraniano y su gran inter\u00e9s en la regi\u00f3n ucraniana de Lviv (o Lwow), que fue ocupada por Polonia entre 1918-1939.<\/p>\n<p style=\"text-align: justify;\">El efecto de la anexi\u00f3n de Crimea por Rusia ha acelerado la acci\u00f3n de Polonia en su inter\u00e9s por incrementar su presencia en Ucrania occidental, \u00bfexiste un inter\u00e9s real de recuperar un papel m\u00e1s determinante en los <strong>asuntos internos<\/strong> ucranianos?; sabemos que los discursos populistas acentuados con unas gotas de amargura nacionalista pueden desequilibrar espacios donde las comunidades de ambos pa\u00edses se confunden, en estos momentos. Cabe esperar una nueva pol\u00edtica exterior polaca que influya\u00a0 en el futuro de Ucrania con un especial inter\u00e9s en la regi\u00f3n de la ciudad de Lviv, donde est\u00e1n fijados los discursos altisonantes de ambas naciones europeas.<\/p>\n<p><em><strong>Fernando Mart\u00edn Cubel<\/strong>,\u00a0C\u00e1tedra de Paz, Seguridad y Defensa (Universidad de Zaragoza)<\/em><\/p>\n<p><img loading=\"lazy\" decoding=\"async\" class=\" wp-image-1364 aligncenter\" src=\"http:\/\/articulo30.org\/politica-defensa\/wp-content\/uploads\/Polonia_influencia-Ucrania2-300x187.jpg\" alt=\"\" width=\"444\" height=\"277\" srcset=\"https:\/\/articulo30.org\/politica-defensa\/wp-content\/uploads\/Polonia_influencia-Ucrania2-300x187.jpg 300w, https:\/\/articulo30.org\/politica-defensa\/wp-content\/uploads\/Polonia_influencia-Ucrania2.jpg 680w\" sizes=\"auto, (max-width: 444px) 100vw, 444px\" \/><\/p>\n<p>&nbsp;<\/p>\n<div class=\"pdfprnt-buttons pdfprnt-buttons-post pdfprnt-bottom-left\"><a href=\"https:\/\/articulo30.org\/politica-defensa\/wp-json\/wp\/v2\/posts\/1352?print=print\" class=\"pdfprnt-button pdfprnt-button-print\" target=\"_blank\" ><img decoding=\"async\" src=\"http:\/\/articulo30.org\/politica-defensa\/wp-content\/plugins\/pdf-print\/images\/print.png\" alt=\"image_print\" title=\"Imprimir contenido\" \/><span class=\"pdfprnt-button-title pdfprnt-button-print-title\">Imprimir<\/span><\/a><\/div>","protected":false},"excerpt":{"rendered":"<p>Tras el ingreso en la Uni\u00f3n Europea en 2004 y su giro definitivo a Occidente, Polonia, del mismo modo que sus vecinos checos, eslovacos, h\u00fangaros, perdi\u00f3 un gran poder de influencia al igual que nivel de relaciones comerciales con sus vecinos m\u00e1s inmediatos en el Este, las ex-rep\u00fablicas sovi\u00e9ticas de Ucrania y Bielorrusia. Y en&#8230;<\/p>\n","protected":false},"author":4,"featured_media":1363,"comment_status":"closed","ping_status":"closed","sticky":false,"template":"","format":"standard","meta":{"footnotes":""},"categories":[2,233],"tags":[132,54,78],"class_list":["post-1352","post","type-post","status-publish","format-standard","has-post-thumbnail","hentry","category-internacional","category-union-europea","tag-polonia","tag-ucrania","tag-union-europea"],"_links":{"self":[{"href":"https:\/\/articulo30.org\/politica-defensa\/wp-json\/wp\/v2\/posts\/1352","targetHints":{"allow":["GET"]}}],"collection":[{"href":"https:\/\/articulo30.org\/politica-defensa\/wp-json\/wp\/v2\/posts"}],"about":[{"href":"https:\/\/articulo30.org\/politica-defensa\/wp-json\/wp\/v2\/types\/post"}],"author":[{"embeddable":true,"href":"https:\/\/articulo30.org\/politica-defensa\/wp-json\/wp\/v2\/users\/4"}],"replies":[{"embeddable":true,"href":"https:\/\/articulo30.org\/politica-defensa\/wp-json\/wp\/v2\/comments?post=1352"}],"version-history":[{"count":8,"href":"https:\/\/articulo30.org\/politica-defensa\/wp-json\/wp\/v2\/posts\/1352\/revisions"}],"predecessor-version":[{"id":1367,"href":"https:\/\/articulo30.org\/politica-defensa\/wp-json\/wp\/v2\/posts\/1352\/revisions\/1367"}],"wp:featuredmedia":[{"embeddable":true,"href":"https:\/\/articulo30.org\/politica-defensa\/wp-json\/wp\/v2\/media\/1363"}],"wp:attachment":[{"href":"https:\/\/articulo30.org\/politica-defensa\/wp-json\/wp\/v2\/media?parent=1352"}],"wp:term":[{"taxonomy":"category","embeddable":true,"href":"https:\/\/articulo30.org\/politica-defensa\/wp-json\/wp\/v2\/categories?post=1352"},{"taxonomy":"post_tag","embeddable":true,"href":"https:\/\/articulo30.org\/politica-defensa\/wp-json\/wp\/v2\/tags?post=1352"}],"curies":[{"name":"wp","href":"https:\/\/api.w.org\/{rel}","templated":true}]}}