{"id":164,"date":"2014-10-31T22:34:10","date_gmt":"2014-10-31T21:34:10","guid":{"rendered":"http:\/\/articulo30.org\/inicio\/?p=164"},"modified":"2020-08-11T16:09:04","modified_gmt":"2020-08-11T15:09:04","slug":"mosul-esta-lejos-tripoli-no","status":"publish","type":"post","link":"https:\/\/articulo30.org\/politica-defensa\/mosul-esta-lejos-tripoli-no\/","title":{"rendered":"Mosul est\u00e1 lejos, Tr\u00edpoli no"},"content":{"rendered":"<p><a href=\"https:\/\/articulo30.files.wordpress.com\/2014\/10\/mosul_tripoli.jpg\"><img loading=\"lazy\" decoding=\"async\" class=\"aligncenter  wp-image-134\" src=\"https:\/\/articulo30.files.wordpress.com\/2014\/10\/mosul_tripoli.jpg?w=300\" alt=\"Mosul_Tripoli\" width=\"683\" height=\"154\" \/><\/a><\/p>\n<p>En amplias zonas de Irak tiene lugar un intenso conflicto que afecta a la regi\u00f3n de Oriente Medio, protagonizado por el <strong>Estado Isl\u00e1mico<\/strong> (al-Dawla al-Isl?m?ya). Lo que ayer era un conjunto de grupos armados, fruto de la descomposici\u00f3n de <strong>Siria <\/strong>y de la ingobernable situaci\u00f3n interna de <strong>Irak<\/strong>, hoy se configura como una realidad pol\u00edtica con vocaci\u00f3n de califato. Con el control de Mosul acceden ya a tres recursos estrat\u00e9gicos: agua, electricidad (embalses) y petr\u00f3leo (pozos de explotaci\u00f3n y oleoductos de distribuci\u00f3n).<\/p>\n<p>El \u00b4EI\u00b4 cuenta con todos los elementos para configurarse como una realidad pol\u00edtica, un estado, y supera en visi\u00f3n y capacidades a <strong>Al-Qaeda<\/strong>, que es \u00fanicamente una organizaci\u00f3n terrorista. Le queda mucho camino por recorrer, pero el vac\u00edo que deja la descomposici\u00f3n de Siria e Irak es terreno f\u00e9rtil. Se ha ido creando una identidad, un <em>corpus<\/em> doctrinal que le da coherencia; tienen poblaci\u00f3n y est\u00e1 cimentado en un territorio, con vocaci\u00f3n de permanencia y <strong>expansi\u00f3n regional<\/strong>. Los medios de comunicaci\u00f3n nos mantienen informados de lo que all\u00ed ocurre, un escenario dram\u00e1tico, con una de las crisis humanitarias m\u00e1s alarmantes de las \u00faltimas d\u00e9cadas. Poco cabe esperar de los efectos producidos por los ataques a\u00e9reos de la coalici\u00f3n internacional liderada por Estados Unidos.<\/p>\n<p>Es esta expansi\u00f3n regional del Estado Isl\u00e1mico y sus consecuencias lo que debe de llamarnos la atenci\u00f3n. Es necesario hacer un ejercicio de prospectiva sobre los potenciadores de riesgos que hay al otro lado de nuestras fronteras. <strong>Mah\u00f3n<\/strong> es el extremo m\u00e1s oriental de Espa\u00f1a y dista de Mosul exactamente 3.400,45 km. Pero mucho m\u00e1s cercana es la distancia con Libia: <strong>1.115,95 km<\/strong> es lo que le separa de <strong>Tr\u00edpoli<\/strong>, o sea, un poco m\u00e1s que Algeciras-Girona. Y es en Libia donde est\u00e1 teniendo lugar un conflicto que s\u00ed nos afecta de lleno y del que poco o nada se nos informa. La raz\u00f3n es la dependencia energ\u00e9tica que tiene Espa\u00f1a de Libia.<\/p>\n<p><strong>Egipto <\/strong>y <strong>Emiratos \u00c1rabes Unidos<\/strong> est\u00e1n realizando de forma continuada ataques a\u00e9reos selectivos contra grupos insurgentes que han ido asent\u00e1ndose en la parte oriental del pa\u00eds. Tras la desaparici\u00f3n de Gadafi y su r\u00e9gimen, no se ha podido configurar un gobierno que ofrezca garant\u00edas de estabilidad. De nuevo, grupos, tribus y otras realidades sociales han ido configurando un espacio ingobernable con amenaza de enfrentamiento violento civil. Armados y con fuerte presencia en el terreno, no parece que haya una situaci\u00f3n que asegure estabilidad a corto plazo. Y es aqu\u00ed donde la influencia de Estado Isl\u00e1mico va a poder llenar huecos y generar una identidad que agrupe tendencias y consolide una nueva realidad pol\u00edtica. Luego vendr\u00e1 el efecto \u201cllamada\u201d que genera este tipo de situaciones y sus consecuencias imprevisibles.<\/p>\n<p>Lo que ocurre en la regi\u00f3n del Mediterr\u00e1neo tiene profundas <strong>implicaciones econ\u00f3micas y estrat\u00e9gicas<\/strong> para Espa\u00f1a, a corto y a largo plazo. De nuevo se impone la geograf\u00eda. En 2010 se importaba el 13% de crudo libio y en febrero de 2014 apenas llegaba al 4%, siendo el gas el 1,5%. El embargo a Ir\u00e1n y la crisis Libia tiene un impacto importante sobre nuestro aprovisionamiento de crudo y esto afecta gravemente a uno de los aspectos de la seguridad nacional, que es el abastecimiento energ\u00e9tico. La cercan\u00eda con Tr\u00edpoli genera facilidades log\u00edsticas en aprovisionamiento pero su inestabilidad afecta a la presencia de nuestras empresas energ\u00e9ticas, que por cierto, han realizado inversiones importantes en el pa\u00eds vecino.<\/p>\n<p>A la hora de organizar <strong>coaliciones internacionales<\/strong>, desde el punto de vista europeo es f\u00e1cil argumentarlo con menciones a luchar contra el terrorismo y a garantizar la libertad, los derechos humanos o la democracia, esperando la aprobaci\u00f3n de los Parlamentos y el visto bueno de la opini\u00f3n p\u00fablica. Sea como sea, en lo que s\u00ed hay consenso es en asegurar dos cosas: lograr la <strong>estabilidad y la seguridad <\/strong>en la regi\u00f3n, ya sea en Oriente Medio o en la frontera Egipto-Libia, y garantizar el acceso, la explotaci\u00f3n y la distribuci\u00f3n de los <strong>recursos energ\u00e9ticos<\/strong>. El Estado Isl\u00e1mico afecta negativamente a ambas. En la capacidad de dar respuesta a estas dos necesidades est\u00e1 el inter\u00e9s de Espa\u00f1a y el liderazgo de nuestros dirigentes. De ah\u00ed la importancia de contar con una pol\u00edtica de defensa coherente y compartida.<\/p>\n<p><strong>*<\/strong> <em>Publicado en Grupo de Estudios en Seguridad Internacional (GESI)<\/em><\/p>\n<p><a title=\"GESI\" href=\"http:\/\/www.seguridadinternacional.es\/blog.mosaico\/?q=es\/content\/mosul-est%C3%A1-lejos-tr%C3%ADpoli-no\"><img loading=\"lazy\" decoding=\"async\" class=\"wp-image-135 aligncenter\" src=\"https:\/\/articulo30.files.wordpress.com\/2014\/10\/gesi.jpg?w=300\" alt=\"gesi\" width=\"437\" height=\"62\" \/><\/a><\/p>\n<div class=\"pdfprnt-buttons pdfprnt-buttons-post pdfprnt-bottom-left\"><a href=\"https:\/\/articulo30.org\/politica-defensa\/wp-json\/wp\/v2\/posts\/164?print=print\" class=\"pdfprnt-button pdfprnt-button-print\" target=\"_blank\" ><img decoding=\"async\" src=\"http:\/\/articulo30.org\/politica-defensa\/wp-content\/plugins\/pdf-print\/images\/print.png\" alt=\"image_print\" title=\"Imprimir contenido\" \/><span class=\"pdfprnt-button-title pdfprnt-button-print-title\">Imprimir<\/span><\/a><\/div>","protected":false},"excerpt":{"rendered":"<p>En amplias zonas de Irak tiene lugar un intenso conflicto que afecta a la regi\u00f3n de Oriente Medio, protagonizado por el Estado Isl\u00e1mico (al-Dawla al-Isl?m?ya). Lo que ayer era un conjunto de grupos armados, fruto de la descomposici\u00f3n de Siria y de la ingobernable situaci\u00f3n interna de Irak, hoy se configura como una realidad pol\u00edtica&#8230;<\/p>\n","protected":false},"author":4,"featured_media":0,"comment_status":"closed","ping_status":"closed","sticky":false,"template":"","format":"standard","meta":{"footnotes":""},"categories":[248,218,1],"tags":[35,36],"class_list":["post-164","post","type-post","status-publish","format-standard","hentry","category-conflictos","category-cultura-estrategica","category-espana","tag-energia","tag-seguriad"],"_links":{"self":[{"href":"https:\/\/articulo30.org\/politica-defensa\/wp-json\/wp\/v2\/posts\/164","targetHints":{"allow":["GET"]}}],"collection":[{"href":"https:\/\/articulo30.org\/politica-defensa\/wp-json\/wp\/v2\/posts"}],"about":[{"href":"https:\/\/articulo30.org\/politica-defensa\/wp-json\/wp\/v2\/types\/post"}],"author":[{"embeddable":true,"href":"https:\/\/articulo30.org\/politica-defensa\/wp-json\/wp\/v2\/users\/4"}],"replies":[{"embeddable":true,"href":"https:\/\/articulo30.org\/politica-defensa\/wp-json\/wp\/v2\/comments?post=164"}],"version-history":[{"count":1,"href":"https:\/\/articulo30.org\/politica-defensa\/wp-json\/wp\/v2\/posts\/164\/revisions"}],"predecessor-version":[{"id":165,"href":"https:\/\/articulo30.org\/politica-defensa\/wp-json\/wp\/v2\/posts\/164\/revisions\/165"}],"wp:attachment":[{"href":"https:\/\/articulo30.org\/politica-defensa\/wp-json\/wp\/v2\/media?parent=164"}],"wp:term":[{"taxonomy":"category","embeddable":true,"href":"https:\/\/articulo30.org\/politica-defensa\/wp-json\/wp\/v2\/categories?post=164"},{"taxonomy":"post_tag","embeddable":true,"href":"https:\/\/articulo30.org\/politica-defensa\/wp-json\/wp\/v2\/tags?post=164"}],"curies":[{"name":"wp","href":"https:\/\/api.w.org\/{rel}","templated":true}]}}