{"id":1687,"date":"2018-05-21T09:13:04","date_gmt":"2018-05-21T08:13:04","guid":{"rendered":"http:\/\/articulo30.org\/politica-defensa\/?p=1687"},"modified":"2020-08-11T15:51:30","modified_gmt":"2020-08-11T14:51:30","slug":"javier-de-carlos-dominio-espacial","status":"publish","type":"post","link":"https:\/\/articulo30.org\/politica-defensa\/javier-de-carlos-dominio-espacial\/","title":{"rendered":"La importancia del dominio espacial"},"content":{"rendered":"<p style=\"text-align: justify;\">Hoy en d\u00eda, el dominio espacial es de crucial importancia, ya que se puede comprometer la seguridad nacional actuando en este \u00e1mbito de manera discreta e incluso an\u00f3nima. Espa\u00f1a no es ajena a esta realidad, como lo demuestra su participaci\u00f3n el pasado septiembre en el ejercicio multinacional <strong>Space Situational Awareness<\/strong> (SSA), que se celebr\u00f3 bajo la direcci\u00f3n del Mando Estrat\u00e9gico de los Estados Unidos (USSTRATCOM) en Suffolk (Virginia). Del mismo modo, y desde febrero de este a\u00f1o, fecha en la que ha sido puesto en \u00f3rbita el sat\u00e9lite Paz, Espa\u00f1a mejorar\u00e1 su posici\u00f3n en los programas europeos Cop\u00e9rnico y GMES, para la vigilancia mundial del medio ambiente y la seguridad.<\/p>\n<p style=\"text-align: justify;\">El gran desarrollo de los sistemas espaciales, gestionados en buena parte por empresas privadas, entra\u00f1a <strong>nuevos riesgos<\/strong> que deben contemplarse desde el \u00e1mbito de la seguridad y la defensa. De hecho el departamento de Defensa de Estados Unidos est\u00e1 realizando una recomendaci\u00f3n sobre la posible creaci\u00f3n de un <strong>nuevo ej\u00e9rcito<\/strong> dedicado al espacio. De lo que no cabe duda es que hoy en d\u00eda se depende de los sistemas espaciales en cualquier despliegue. El establecimiento de las comunicaciones, la selecci\u00f3n y seguimiento de objetivos o la previsi\u00f3n meteorol\u00f3gica requieren de este tipo de sistemas.<\/p>\n<p style=\"text-align: justify;\">La Estrategia de Seguridad Nacional (ESN) de 2017 ya se\u00f1ala la d\u00e9bil regulaci\u00f3n de este dominio y la dif\u00edcil atribuci\u00f3n de las posibles acciones delictivas. El \u00e1mbito espacial es <strong>esencialmente dual<\/strong>, ya que cada vez es m\u00e1s dif\u00edcil distinguir los sistemas civiles de los militares, como lo demuestran los sistemas GPS: su posible interrupci\u00f3n fortuita o intencionada tendr\u00eda consecuencias duales.<\/p>\n<p style=\"text-align: justify;\">Hoy en d\u00eda las constelaciones de sat\u00e9lites son la base de la aviaci\u00f3n moderna, la navegaci\u00f3n mar\u00edtima o el transporte terrestre, pero al mismo tiempo los servicios vinculados al espacio aumentan la capacidad de los ej\u00e9rcitos actuales. Por estos motivos son muy importantes los avances de Espa\u00f1a en esta materia. Desde que se firm\u00f3 el acuerdo de colaboraci\u00f3n con la NASA en los a\u00f1os 60, hubo que esperar hasta 1997, fecha en la que se lanz\u00f3 el MINISAT 01. Pero seguramente la necesidad de im\u00e1genes satelitales evidenciada durante la <strong>Crisis de Perejil<\/strong> del a\u00f1o 2002, anim\u00f3 a los gobiernos espa\u00f1oles a impulsar el desarrollo de las capacidades espaciales.<\/p>\n<p style=\"text-align: justify;\">El sector hoy en d\u00eda est\u00e1 dominado por Estados Unidos que posee una potente industria p\u00fablica y tambi\u00e9n privada con compa\u00f1\u00edas como SpaceX, Virgin Galactic o\u00a0 Blue Origin. La <strong>Uni\u00f3n Europea<\/strong> tambi\u00e9n es un actor importante que tiene previsto invertir 12.000 millones de euros para desarrollar proyectos espaciales de calidad en el periodo 2014-2020. En este contexto, Espa\u00f1a gracias a la puesta en marcha Programa Nacional de Observaci\u00f3n de la Tierra por Sat\u00e9lite (<strong>PNOTS<\/strong>) y al lanzamiento del sat\u00e9lite Paz ha permitido el desarrollo de la industria espacial espa\u00f1ola que la har\u00e1n m\u00e1s competitiva.<\/p>\n<p><em><strong>Javier de Carlos<\/strong><\/em><em>, analista de Relaciones Internacionales, Seguridad y Defensa<\/em><\/p>\n<p><img loading=\"lazy\" decoding=\"async\" class=\"aligncenter size-medium wp-image-1689\" src=\"http:\/\/articulo30.org\/politica-defensa\/wp-content\/uploads\/1795-300x144.jpg\" alt=\"\" width=\"300\" height=\"144\" srcset=\"https:\/\/articulo30.org\/politica-defensa\/wp-content\/uploads\/1795-300x144.jpg 300w, https:\/\/articulo30.org\/politica-defensa\/wp-content\/uploads\/1795-768x368.jpg 768w, https:\/\/articulo30.org\/politica-defensa\/wp-content\/uploads\/1795.jpg 1005w\" sizes=\"auto, (max-width: 300px) 100vw, 300px\" \/><\/p>\n<p style=\"text-align: center;\"><span style=\"margin: 0px; color: gray; font-family: 'Calibri Light',sans-serif; font-size: 7.5pt;\">Foto: USSTRATCOM \/ DSN<\/span><\/p>\n<p style=\"text-align: center;\"><span style=\"display: inline !important; float: none; background-color: transparent; color: #141412; cursor: text; font-family: 'Source Sans Pro',Helvetica,sans-serif; font-size: 16px; font-style: normal; font-variant: normal; font-weight: 400; letter-spacing: normal; orphans: 2; text-align: left; text-decoration: none; text-indent: 0px; text-transform: none; -webkit-text-stroke-width: 0px; white-space: normal; word-spacing: 0px;\">M\u00e1s informaci\u00f3n en \u201c<\/span><em>El dominio espacial y el sat\u00e9lite Paz<\/em><span style=\"display: inline !important; float: none; background-color: transparent; color: #141412; cursor: text; font-family: 'Source Sans Pro',Helvetica,sans-serif; font-size: 16px; font-style: normal; font-variant: normal; font-weight: 400; letter-spacing: normal; orphans: 2; text-align: left; text-decoration: none; text-indent: 0px; text-transform: none; -webkit-text-stroke-width: 0px; white-space: normal; word-spacing: 0px;\">\u201d (<\/span><span style=\"color: #333333; text-decoration: underline;\"><a style=\"color: #333333; text-decoration: underline;\" href=\"https:\/\/goo.gl\/gknGwJ\" target=\"_blank\" rel=\"noopener noreferrer\">descargar<\/a><\/span><span style=\"display: inline !important; float: none; background-color: transparent; color: #141412; cursor: text; font-family: 'Source Sans Pro',Helvetica,sans-serif; font-size: 16px; font-style: normal; font-variant: normal; font-weight: 400; letter-spacing: normal; orphans: 2; text-align: left; text-decoration: none; text-indent: 0px; text-transform: none; -webkit-text-stroke-width: 0px; white-space: normal; word-spacing: 0px;\">)<\/span><\/p>\n<p style=\"text-align: justify;\"><span style=\"color: #808080; font-size: 12px;\"><i>Las opiniones expresadas son de exclusiva responsabilidad del autor. Sus conclusiones no deber\u00edan ser interpretadas necesariamente como un reflejo de nuestros puntos de vista.<\/i><\/span><\/p>\n<div class=\"pdfprnt-buttons pdfprnt-buttons-post pdfprnt-bottom-left\"><a href=\"https:\/\/articulo30.org\/politica-defensa\/wp-json\/wp\/v2\/posts\/1687?print=print\" class=\"pdfprnt-button pdfprnt-button-print\" target=\"_blank\" ><img decoding=\"async\" src=\"http:\/\/articulo30.org\/politica-defensa\/wp-content\/plugins\/pdf-print\/images\/print.png\" alt=\"image_print\" title=\"Imprimir contenido\" \/><span class=\"pdfprnt-button-title pdfprnt-button-print-title\">Imprimir<\/span><\/a><\/div>","protected":false},"excerpt":{"rendered":"<p>Hoy en d\u00eda, el dominio espacial es de crucial importancia, ya que se puede comprometer la seguridad nacional actuando en este \u00e1mbito de manera discreta e incluso an\u00f3nima. Espa\u00f1a no es ajena a esta realidad, como lo demuestra su participaci\u00f3n el pasado septiembre en el ejercicio multinacional Space Situational Awareness (SSA), que se celebr\u00f3 bajo&#8230;<\/p>\n","protected":false},"author":4,"featured_media":1690,"comment_status":"closed","ping_status":"closed","sticky":false,"template":"","format":"standard","meta":{"footnotes":""},"categories":[218,1,219],"tags":[61,73,175],"class_list":["post-1687","post","type-post","status-publish","format-standard","has-post-thumbnail","hentry","category-cultura-estrategica","category-espana","category-industria-y-tecnologia","tag-espacio","tag-estrategia","tag-nuevos-riesgos"],"_links":{"self":[{"href":"https:\/\/articulo30.org\/politica-defensa\/wp-json\/wp\/v2\/posts\/1687","targetHints":{"allow":["GET"]}}],"collection":[{"href":"https:\/\/articulo30.org\/politica-defensa\/wp-json\/wp\/v2\/posts"}],"about":[{"href":"https:\/\/articulo30.org\/politica-defensa\/wp-json\/wp\/v2\/types\/post"}],"author":[{"embeddable":true,"href":"https:\/\/articulo30.org\/politica-defensa\/wp-json\/wp\/v2\/users\/4"}],"replies":[{"embeddable":true,"href":"https:\/\/articulo30.org\/politica-defensa\/wp-json\/wp\/v2\/comments?post=1687"}],"version-history":[{"count":2,"href":"https:\/\/articulo30.org\/politica-defensa\/wp-json\/wp\/v2\/posts\/1687\/revisions"}],"predecessor-version":[{"id":3554,"href":"https:\/\/articulo30.org\/politica-defensa\/wp-json\/wp\/v2\/posts\/1687\/revisions\/3554"}],"wp:featuredmedia":[{"embeddable":true,"href":"https:\/\/articulo30.org\/politica-defensa\/wp-json\/wp\/v2\/media\/1690"}],"wp:attachment":[{"href":"https:\/\/articulo30.org\/politica-defensa\/wp-json\/wp\/v2\/media?parent=1687"}],"wp:term":[{"taxonomy":"category","embeddable":true,"href":"https:\/\/articulo30.org\/politica-defensa\/wp-json\/wp\/v2\/categories?post=1687"},{"taxonomy":"post_tag","embeddable":true,"href":"https:\/\/articulo30.org\/politica-defensa\/wp-json\/wp\/v2\/tags?post=1687"}],"curies":[{"name":"wp","href":"https:\/\/api.w.org\/{rel}","templated":true}]}}