{"id":200,"date":"2015-11-07T06:45:00","date_gmt":"2015-11-07T05:45:00","guid":{"rendered":"http:\/\/articulo30.org\/inicio\/?p=200"},"modified":"2020-08-11T16:06:00","modified_gmt":"2020-08-11T15:06:00","slug":"pacificacion-en-colombia-utopia-o-realidad","status":"publish","type":"post","link":"https:\/\/articulo30.org\/politica-defensa\/pacificacion-en-colombia-utopia-o-realidad\/","title":{"rendered":"Pacificaci\u00f3n en Colombia: \u00bfutop\u00eda o realidad?"},"content":{"rendered":"<p style=\"text-align:justify;\">Las negociaciones entre las Fuerzas Armadas Revolucionarias de Colombia (<strong>FARC<\/strong>) y el gobierno de Colombia tienen origen en la reuni\u00f3n realizada en el a\u00f1o 2012 en Noruega, y que posteriormente se traslada a Cuba. Pese a esto, los di\u00e1logos no han sido fruct\u00edferos debido a los acontecimientos b\u00e9licos que fueron ocurriendo en los a\u00f1os siguientes.<\/p>\n<p style=\"text-align:justify;\">En el presente a\u00f1o, se han percibido los m\u00e1s notorios avances para poner fin al conflicto. El 23 de septiembre pasado, se llev\u00f3 a cabo un encuentro entre el presidente de Colombia, Juan Manuel Santos y el comandante de las FARC, Rodrigo Londo\u00f1o, alias \u201cT<em>imochenko<\/em>\u201d, en el cual se materializaron las voluntades para poner t\u00e9rmino al conflicto, y se acord\u00f3 crear una <strong>Jurisdicci\u00f3n Especial para la Paz<\/strong> con el objetivo de juzgar a quienes hayan cometido delitos y generar un proceso de verdad.<\/p>\n<p style=\"text-align:justify;\">Pese a lo anterior, es necesario preguntarse si ser\u00e1 posible llevar a la pr\u00e1ctica estos objetivos, o m\u00e1s bien quedar\u00e1n estancados como otros procesos de negociaci\u00f3n. Es primordial la voluntad de ambas partes negociadoras, y en este sentido es un gran paso el concretar las medidas que se quieren aplicar.<\/p>\n<p style=\"text-align:justify;\">La pol\u00e9mica actual se centra en el ex-presidente \u00c1lvaro Uribe, quien se\u00f1al\u00f3 que una condici\u00f3n previa al proceso de pacificaci\u00f3n es el juicio al que \u00e9l deber\u00eda ser sometido por su presunta participaci\u00f3n en la masacre de El Aro ocurrida en 1997. Lo anterior demuestra que el gobierno actuar\u00eda sin discriminaci\u00f3n alguna para enjuiciar a quien sea en procura del \u00e9xito del proceso de pacificaci\u00f3n. No obstante, se genera un debate sobre si se puede juzgar o no a ex-presidentes de la rep\u00fablica. Esto puede significar dos cosas: primero, que el proceso de negociaci\u00f3n puede tardarse y prolongarse hasta que se resuelvan los conflictos pol\u00edticos;\u00a0 o en el peor de los casos, cancelar la pacificaci\u00f3n por parte de las FARC, al no cumplirse las condiciones acordadas. Pese a esto, tanto las FARC como Santos sostienen que esta afirmaci\u00f3n es falsa y no habr\u00eda condici\u00f3n alguna.<\/p>\n<p style=\"text-align:justify;\">La \u201cJusticia Transicional\u201d es el tema m\u00e1s discutido dentro del acuerdo, debido a que se sostiene que los principales cabecillas de las FARC no ser\u00e1n imputados en cuanto a delitos pol\u00edticos, lo que algunos consideran como caso de impunidad. Otro alcance objeto de cr\u00edtica fue el concepto de \u201crestricci\u00f3n de libertad\u201d hacia los miembros de la guerrilla, lo que ocasion\u00f3 la reprobaci\u00f3n por parte de Uribe quien sostuvo que esto es una especie de libertad condicional. Sin embargo, en el acuerdo se se\u00f1ala que no habr\u00e1 amnist\u00eda para quienes cometieron delitos de lesa humanidad, genocidio o graves cr\u00edmenes de guerra. Asimismo, se propone una justicia restaurativa, lo que s\u00ed implica acciones por parte de los guerrilleros en cuanto al desminado y construcci\u00f3n de infraestructura para comunidades.<\/p>\n<p style=\"text-align:justify;\">En este contexto de transici\u00f3n pol\u00edtica, es necesario poner en pr\u00e1ctica la justicia transicional para poder generar la confianza entre los principales actores involucrados y la sociedad civil. En s\u00edntesis, el acuerdo de pacificaci\u00f3n refleja el escenario de una regi\u00f3n que busca la paz. <strong>Colombia<\/strong> presenta uno de los conflictos armados m\u00e1s cruentos de la historia, por consiguiente, con un definitivo t\u00e9rmino del conflicto se lograr\u00eda el m\u00e1s acabado proceso de pacificaci\u00f3n en la regi\u00f3n, sirviendo como modelo para otros pa\u00edses.<\/p>\n<p style=\"text-align:justify;\"><strong><em>Alejandra M\u00e1rquez<\/em><\/strong><em>, Investigadora del Centro de Estudios Estrat\u00e9gicos Academia de Guerra<\/em><\/p>\n<p style=\"text-align:justify;\"><a href=\"https:\/\/articulo30.files.wordpress.com\/2015\/11\/colombia-farc2.jpg\"><img decoding=\"async\" class=\" wp-image-396 aligncenter\" src=\"https:\/\/articulo30.files.wordpress.com\/2015\/11\/colombia-farc2.jpg?w=300\" alt=\"Colombia-FARC(2)\" width=\"100%\"\/><\/a><span style=\"color:#808080;\">Foto: EFE<\/span><\/p>\n<p style=\"text-align:justify;\"><strong>\u00a0<\/strong><\/p>\n<div class=\"pdfprnt-buttons pdfprnt-buttons-post pdfprnt-bottom-left\"><a href=\"https:\/\/articulo30.org\/politica-defensa\/wp-json\/wp\/v2\/posts\/200?print=print\" class=\"pdfprnt-button pdfprnt-button-print\" target=\"_blank\" ><img decoding=\"async\" src=\"http:\/\/articulo30.org\/politica-defensa\/wp-content\/plugins\/pdf-print\/images\/print.png\" alt=\"image_print\" title=\"Imprimir contenido\" \/><span class=\"pdfprnt-button-title pdfprnt-button-print-title\">Imprimir<\/span><\/a><\/div>","protected":false},"excerpt":{"rendered":"<p>Las negociaciones entre las Fuerzas Armadas Revolucionarias de Colombia (FARC) y el gobierno de Colombia tienen origen en la reuni\u00f3n realizada en el a\u00f1o 2012 en Noruega, y que posteriormente se traslada a Cuba. Pese a esto, los di\u00e1logos no han sido fruct\u00edferos debido a los acontecimientos b\u00e9licos que fueron ocurriendo en los a\u00f1os siguientes&#8230;.<\/p>\n","protected":false},"author":4,"featured_media":61,"comment_status":"closed","ping_status":"closed","sticky":false,"template":"","format":"standard","meta":{"footnotes":""},"categories":[248,2],"tags":[57,58,59],"class_list":["post-200","post","type-post","status-publish","format-standard","has-post-thumbnail","hentry","category-conflictos","category-internacional","tag-colombia","tag-resolucion-de-conflictos","tag-terrorismo"],"_links":{"self":[{"href":"https:\/\/articulo30.org\/politica-defensa\/wp-json\/wp\/v2\/posts\/200","targetHints":{"allow":["GET"]}}],"collection":[{"href":"https:\/\/articulo30.org\/politica-defensa\/wp-json\/wp\/v2\/posts"}],"about":[{"href":"https:\/\/articulo30.org\/politica-defensa\/wp-json\/wp\/v2\/types\/post"}],"author":[{"embeddable":true,"href":"https:\/\/articulo30.org\/politica-defensa\/wp-json\/wp\/v2\/users\/4"}],"replies":[{"embeddable":true,"href":"https:\/\/articulo30.org\/politica-defensa\/wp-json\/wp\/v2\/comments?post=200"}],"version-history":[{"count":2,"href":"https:\/\/articulo30.org\/politica-defensa\/wp-json\/wp\/v2\/posts\/200\/revisions"}],"predecessor-version":[{"id":315,"href":"https:\/\/articulo30.org\/politica-defensa\/wp-json\/wp\/v2\/posts\/200\/revisions\/315"}],"wp:featuredmedia":[{"embeddable":true,"href":"https:\/\/articulo30.org\/politica-defensa\/wp-json\/wp\/v2\/media\/61"}],"wp:attachment":[{"href":"https:\/\/articulo30.org\/politica-defensa\/wp-json\/wp\/v2\/media?parent=200"}],"wp:term":[{"taxonomy":"category","embeddable":true,"href":"https:\/\/articulo30.org\/politica-defensa\/wp-json\/wp\/v2\/categories?post=200"},{"taxonomy":"post_tag","embeddable":true,"href":"https:\/\/articulo30.org\/politica-defensa\/wp-json\/wp\/v2\/tags?post=200"}],"curies":[{"name":"wp","href":"https:\/\/api.w.org\/{rel}","templated":true}]}}