{"id":229,"date":"2016-04-06T07:03:29","date_gmt":"2016-04-06T06:03:29","guid":{"rendered":"http:\/\/articulo30.org\/inicio\/?p=229"},"modified":"2020-08-11T16:03:47","modified_gmt":"2020-08-11T15:03:47","slug":"crisis-en-el-sistema-de-seguridad-de-turquia","status":"publish","type":"post","link":"https:\/\/articulo30.org\/politica-defensa\/crisis-en-el-sistema-de-seguridad-de-turquia\/","title":{"rendered":"Crisis en el sistema de seguridad de Turqu\u00eda"},"content":{"rendered":"<p style=\"text-align:justify;\"><span style=\"color:#000000;\">Diferentes organizaciones terroristas han golpeado el coraz\u00f3n <strong>pol\u00edtico<\/strong> y econ\u00f3mico de Turqu\u00eda. Una explosi\u00f3n en el centro de Ankara arrebat\u00f3 la vida de 37 personas. Dos d\u00edas antes de la masacre, la embajada americana bas\u00e1ndose, seg\u00fan fuentes oficiales, \u201c<em>en una advertencia del gobierno turco<\/em>\u201d, alert\u00f3 mediante su p\u00e1gina web de que un atentado pudiera producirse en el \u00e1rea residencial de Bachelievler. Marzo ha sido un mes negro para su <strong>sistema de seguridad<\/strong>.<\/span><\/p>\n<p style=\"text-align:justify;\"><span style=\"color:#000000;\">Pese a reforzarse la seguridad del distrito central de \u00c7ankaya, el atentado no pudo evitarse. El ataque, fue reclamado d\u00edas despu\u00e9s por la organizaci\u00f3n de Los Halcones del <strong>Kurdist\u00e1n<\/strong>, (TAK), calificado por algunos como una escisi\u00f3n del Partido de los Trabajadores del Kurdist\u00e1n (PKK) y por otros como una agrupaci\u00f3n ligada a la guerrilla armada. Sin embargo, no es la primera vez que el TAK logra violar las medidas seguridad turcas. \u201c<em><span style=\"color:#000000;\">\u00bfC\u00f3mo ha podido ocurrir esto de nuevo? La s<\/span>eguridad de los ciudadanos es lo primero que deber\u00eda de proveer y garantizar el Gobierno<\/em>\u201d, exclamaba Seyit, que se encontraba a menos de un kil\u00f3metro de la zona cero.<\/span><\/p>\n<p style=\"text-align:justify;\"><span style=\"color:#000000;\">Desde la ruptura del proceso de paz entre el Estado y el <strong>PKK<\/strong>, dos ataques han sido llevados acabo por la organizaci\u00f3n: en octubre, un atentado en el aeropuerto Sabiha G\u00f6k\u00e7en de Estambul se cobraba la vida de una operaria; en febrero, una masacre, reivindicada por la organizaci\u00f3n en Ankara dej\u00f3 27 militares y un civil fallecidos. No obstante, y tras los sucesivos atentados, el presidente de la Rep\u00fablica, Reyep Tayyip <strong>Erdogan<\/strong>, se mantuvo firme en su convicci\u00f3n de \u201c<em>continuar en la lucha hasta derrotar a cada uno de los militantes<\/em>\u201d y prometi\u00f3 \u201c<em>golpear<\/em> \u00a0-a los terroristas- <em>con pu\u00f1o de hierro y guante de terciopelo<\/em>\u201d.<\/span><\/p>\n<p style=\"text-align:justify;\"><span style=\"color:#000000;\">Sin embargo, y pese a los fallos en materia de seguridad, el l\u00edder opt\u00f3 por otorgar mayor relevancia a la sem\u00e1ntica, proponiendo redefinir el concepto de <strong>terrorismo<\/strong>: \u201c<em>No hay ninguna diferencia entre un terrorista con un arma y una bomba en la mano y aquellos que utilizan titulares y plumas. El hecho de que se trate de un diputado, un acad\u00e9mico, un autor, un periodista o el director de una ONG no cambia el hecho de que esa persona sea un terrorista<\/em>\u201d, asegur\u00f3 Erdogan, que desde hace meses encabeza una batalla contra los <strong>medios de comunicaci\u00f3n <\/strong>opositores, especialmente los vinculados al cl\u00e9rigo Fetullah G\u00fclen, anta\u00f1o aliado del Gobierno hasta su ruptura. \u201c<em>Este no es un problema de libertad de prensa o libertad de asociaci\u00f3n. Se trata de una forma m\u00e1s eficaz de hacer frente a los asaltantes que intentan da\u00f1ar a nuestro pueblo<\/em>\u201d, asegur\u00f3 Erdogan en un ambiente social agravado por la creciente falta de valores democr\u00e1ticos. <\/span><\/p>\n<p style=\"text-align:justify;\"><span style=\"color:#000000;\">No obstante, en medio del debate por el <strong>derecho a la informaci\u00f3n<\/strong> y a\u00fan velando a los fallecidos del atentado de Ankara, en la misma semana en Estambul, un ataque suicida, acab\u00f3 con la vida de 5 personas y dej\u00f3 a 36 heridas. Los ataques terroristas en el epicentro <strong>pol\u00edtico<\/strong> y <strong>comercial<\/strong> de Anatolia han golpeado a una sociedad aturdida por el miedo. Seg\u00fan Zeynep, estudiante de doctorado: \u201c<em>No hay nada que desee m\u00e1s que la paz, pero, por desgracia, no creo que veamos a una pac\u00edfica Turqu\u00eda a corto plazo<\/em>\u201d.<\/span><\/p>\n<p style=\"text-align:justify;\"><span style=\"color:#000000;\">Desde la <strong>oposici\u00f3n<\/strong>, numerosas son las cr\u00edticas a la estrategia de seguridad y la manipulaci\u00f3n medi\u00e1tica de los acontecimientos. \u201c<em>Erdogan y el AKP<\/em> -partido que lidera el Gobierno-<em>han de salir del poder, ya que tras estos asesinatos pol\u00edticos no se encuentran en condiciones de hacer nada por el pueblo<\/em>\u201d, reivindic\u00f3 tras los hechos Kemal K?l?\u00e7daro?lu, l\u00edder del principal partido de la oposici\u00f3n, el kemalista, Cumhuriyet Halk Partisi, CHP.<\/span><\/p>\n<p style=\"text-align:justify;\"><span style=\"color:#000000;\"><em><strong>Beatriz Yubero<\/strong>, analista y periodista especializada en Turqu\u00eda y Oriente Medio<\/em><\/span><\/p>\n<p style=\"text-align:justify;\"><img decoding=\"async\" class=\"alignnone size-full wp-image-930\" src=\"https:\/\/articulo30.files.wordpress.com\/2016\/04\/turquc3ada-seguridad2.jpg\" alt=\"Turqu\u00eda seguridad(2)\" width=\"100%\"\/><\/p>\n<h6 style=\"text-align:center;\"><span style=\"color:#808080;\">Fotos: AFP Internacional \/ EFE<\/span><\/h6>\n<h6 style=\"text-align:center;\"><span style=\"color:#999999;\">_______________<\/span><\/h6>\n<p>&nbsp;<\/p>\n<div class=\"pdfprnt-buttons pdfprnt-buttons-post pdfprnt-bottom-left\"><a href=\"https:\/\/articulo30.org\/politica-defensa\/wp-json\/wp\/v2\/posts\/229?print=print\" class=\"pdfprnt-button pdfprnt-button-print\" target=\"_blank\" ><img decoding=\"async\" src=\"http:\/\/articulo30.org\/politica-defensa\/wp-content\/plugins\/pdf-print\/images\/print.png\" alt=\"image_print\" title=\"Imprimir contenido\" \/><span class=\"pdfprnt-button-title pdfprnt-button-print-title\">Imprimir<\/span><\/a><\/div>","protected":false},"excerpt":{"rendered":"<p>Diferentes organizaciones terroristas han golpeado el coraz\u00f3n pol\u00edtico y econ\u00f3mico de Turqu\u00eda. Una explosi\u00f3n en el centro de Ankara arrebat\u00f3 la vida de 37 personas. Dos d\u00edas antes de la masacre, la embajada americana bas\u00e1ndose, seg\u00fan fuentes oficiales, \u201cen una advertencia del gobierno turco\u201d, alert\u00f3 mediante su p\u00e1gina web de que un atentado pudiera producirse&#8230;<\/p>\n","protected":false},"author":4,"featured_media":37,"comment_status":"closed","ping_status":"closed","sticky":false,"template":"","format":"standard","meta":{"footnotes":""},"categories":[248,2],"tags":[39,40,15,62,36,59,37],"class_list":["post-229","post","type-post","status-publish","format-standard","has-post-thumbnail","hentry","category-conflictos","category-internacional","tag-kurdistan","tag-opinion-publica","tag-oriente-medio","tag-politica-gobierno","tag-seguriad","tag-terrorismo","tag-turquia"],"_links":{"self":[{"href":"https:\/\/articulo30.org\/politica-defensa\/wp-json\/wp\/v2\/posts\/229","targetHints":{"allow":["GET"]}}],"collection":[{"href":"https:\/\/articulo30.org\/politica-defensa\/wp-json\/wp\/v2\/posts"}],"about":[{"href":"https:\/\/articulo30.org\/politica-defensa\/wp-json\/wp\/v2\/types\/post"}],"author":[{"embeddable":true,"href":"https:\/\/articulo30.org\/politica-defensa\/wp-json\/wp\/v2\/users\/4"}],"replies":[{"embeddable":true,"href":"https:\/\/articulo30.org\/politica-defensa\/wp-json\/wp\/v2\/comments?post=229"}],"version-history":[{"count":3,"href":"https:\/\/articulo30.org\/politica-defensa\/wp-json\/wp\/v2\/posts\/229\/revisions"}],"predecessor-version":[{"id":302,"href":"https:\/\/articulo30.org\/politica-defensa\/wp-json\/wp\/v2\/posts\/229\/revisions\/302"}],"wp:featuredmedia":[{"embeddable":true,"href":"https:\/\/articulo30.org\/politica-defensa\/wp-json\/wp\/v2\/media\/37"}],"wp:attachment":[{"href":"https:\/\/articulo30.org\/politica-defensa\/wp-json\/wp\/v2\/media?parent=229"}],"wp:term":[{"taxonomy":"category","embeddable":true,"href":"https:\/\/articulo30.org\/politica-defensa\/wp-json\/wp\/v2\/categories?post=229"},{"taxonomy":"post_tag","embeddable":true,"href":"https:\/\/articulo30.org\/politica-defensa\/wp-json\/wp\/v2\/tags?post=229"}],"curies":[{"name":"wp","href":"https:\/\/api.w.org\/{rel}","templated":true}]}}