{"id":246,"date":"2016-07-11T07:12:51","date_gmt":"2016-07-11T06:12:51","guid":{"rendered":"http:\/\/articulo30.org\/inicio\/?p=246"},"modified":"2020-08-11T16:02:58","modified_gmt":"2020-08-11T15:02:58","slug":"brexit-consecuencias-para-la-defensa-europea","status":"publish","type":"post","link":"https:\/\/articulo30.org\/politica-defensa\/brexit-consecuencias-para-la-defensa-europea\/","title":{"rendered":"Brexit, consecuencias para la defensa europea"},"content":{"rendered":"<p style=\"text-align: justify;\"><span style=\"color: #000000;\">A simple vista, las consecuencias del <em>Brexit<\/em> para la pol\u00edtica de defensa europea ser\u00edan m\u00ednimas a d\u00eda de hoy, porque no hay una pol\u00edtica real, efectiva y compartida sobre la seguridad y la defensa com\u00fan. Otra cosa es c\u00f3mo afecte a la direcci\u00f3n y ejecuci\u00f3n de la pol\u00edtica exterior de la Uni\u00f3n Europea, encarnado en el alto representante de la Uni\u00f3n para Asuntos Exteriores y Pol\u00edtica de Seguridad. Se abre un nuevo escenario de incertidumbre.<\/span><\/p>\n<p style=\"text-align: justify;\"><em><span style=\"color: #000000;\"><span style=\"color: #003366;\">Ver an\u00e1lisis completo en este enlace<\/span> (<a href=\"http:\/\/www.fundacionfaes.org\/es\/analisis\/266\/brexit-_consecuencias_para_la_defensa_europea\">FAES<\/a>)<\/span><\/em><\/p>\n<p style=\"text-align: center;\"><span style=\"color: #808080;\">______________<\/span><\/p>\n<div class=\"pdfprnt-buttons pdfprnt-buttons-post pdfprnt-bottom-left\"><a href=\"https:\/\/articulo30.org\/politica-defensa\/wp-json\/wp\/v2\/posts\/246?print=print\" class=\"pdfprnt-button pdfprnt-button-print\" target=\"_blank\" ><img decoding=\"async\" src=\"http:\/\/articulo30.org\/politica-defensa\/wp-content\/plugins\/pdf-print\/images\/print.png\" alt=\"image_print\" title=\"Imprimir contenido\" \/><span class=\"pdfprnt-button-title pdfprnt-button-print-title\">Imprimir<\/span><\/a><\/div>","protected":false},"excerpt":{"rendered":"<p>A simple vista, las consecuencias del Brexit para la pol\u00edtica de defensa europea ser\u00edan m\u00ednimas a d\u00eda de hoy, porque no hay una pol\u00edtica real, efectiva y compartida sobre la seguridad y la defensa com\u00fan. Otra cosa es c\u00f3mo afecte a la direcci\u00f3n y ejecuci\u00f3n de la pol\u00edtica exterior de la Uni\u00f3n Europea, encarnado en&#8230;<\/p>\n","protected":false},"author":4,"featured_media":21,"comment_status":"closed","ping_status":"closed","sticky":false,"template":"","format":"standard","meta":{"footnotes":""},"categories":[218,247,233],"tags":[8,67,78],"class_list":["post-246","post","type-post","status-publish","format-standard","has-post-thumbnail","hentry","category-cultura-estrategica","category-otan","category-union-europea","tag-geopolitica","tag-reino-unido","tag-union-europea"],"_links":{"self":[{"href":"https:\/\/articulo30.org\/politica-defensa\/wp-json\/wp\/v2\/posts\/246","targetHints":{"allow":["GET"]}}],"collection":[{"href":"https:\/\/articulo30.org\/politica-defensa\/wp-json\/wp\/v2\/posts"}],"about":[{"href":"https:\/\/articulo30.org\/politica-defensa\/wp-json\/wp\/v2\/types\/post"}],"author":[{"embeddable":true,"href":"https:\/\/articulo30.org\/politica-defensa\/wp-json\/wp\/v2\/users\/4"}],"replies":[{"embeddable":true,"href":"https:\/\/articulo30.org\/politica-defensa\/wp-json\/wp\/v2\/comments?post=246"}],"version-history":[{"count":3,"href":"https:\/\/articulo30.org\/politica-defensa\/wp-json\/wp\/v2\/posts\/246\/revisions"}],"predecessor-version":[{"id":289,"href":"https:\/\/articulo30.org\/politica-defensa\/wp-json\/wp\/v2\/posts\/246\/revisions\/289"}],"wp:featuredmedia":[{"embeddable":true,"href":"https:\/\/articulo30.org\/politica-defensa\/wp-json\/wp\/v2\/media\/21"}],"wp:attachment":[{"href":"https:\/\/articulo30.org\/politica-defensa\/wp-json\/wp\/v2\/media?parent=246"}],"wp:term":[{"taxonomy":"category","embeddable":true,"href":"https:\/\/articulo30.org\/politica-defensa\/wp-json\/wp\/v2\/categories?post=246"},{"taxonomy":"post_tag","embeddable":true,"href":"https:\/\/articulo30.org\/politica-defensa\/wp-json\/wp\/v2\/tags?post=246"}],"curies":[{"name":"wp","href":"https:\/\/api.w.org\/{rel}","templated":true}]}}