{"id":255,"date":"2016-09-26T07:16:53","date_gmt":"2016-09-26T06:16:53","guid":{"rendered":"http:\/\/articulo30.org\/inicio\/?p=255"},"modified":"2020-08-11T16:02:33","modified_gmt":"2020-08-11T15:02:33","slug":"iberoamerica","status":"publish","type":"post","link":"https:\/\/articulo30.org\/politica-defensa\/iberoamerica\/","title":{"rendered":"Poder a\u00e9reo en Iberoam\u00e9rica"},"content":{"rendered":"<p style=\"text-align: justify;\"><span style=\"color: #000000;\">La reciente baja de los \u00faltimos F-5E Tiger II que se manten\u00edan operativos en la Fuerza A\u00e9rea Mexicana, las negociaciones delministro de defensa argentino ensu \u00faltimo periplo europeo y las noticias sobre la intenci\u00f3n de Venezuela de aumentar su flota de Sukhoi-30 MK2, han vuelto a animar los debates sobre el poder a\u00e9reo en Iberoam\u00e9rica.<\/span><\/p>\n<p style=\"text-align: justify;\"><span style=\"color: #000000;\">Algunos de los principales pa\u00edses de la regi\u00f3n, acuciados por las crisis econ\u00f3micas o problemas internos que requer\u00edan atenci\u00f3n prioritaria, han ido dando de baja paulatinamente los aviones con que equiparon a sus fuerzas a\u00e9reas en los a\u00f1os 70 y 80, hasta el punto de que, a d\u00eda de hoy, se encuentran sin capacidad de controlar su espacio a\u00e9reo. El primero en encontrarse en esta situaci\u00f3n fue <strong>Argentina<\/strong>, que retir\u00f3 sus Mirage III a finales del a\u00f1o pasado y, poco despu\u00e9s, se vio obligado a reconocer la inoperatividad de la flota de A-4AR. Ahora con la baja de los F-5E, <strong>M\u00e9xico<\/strong> se suma a este club de dudoso prestigio. En el caso de M\u00e9xico, se tiene la esperanza de que en un periodo de tiempo m\u00e1s o menos corto puedan adquirirse F-16 de segunda mano, mientras que en Buenos Aires se suceden las ideas y se especula con el <em>Gripen <\/em>\u2013previa limpieza de equipos brit\u00e1nicos por lo que pueda pasar\u2013, reactores \u00a0ligeros como el M-346 de Alenia o el KAI T-50 coreano y <em>Mirage<\/em> franceses de segunda mano.<\/span><\/p>\n<p style=\"text-align: justify;\"><span style=\"color: #000000;\">Otros pa\u00edses, como <strong>Colombia<\/strong>, disponen a\u00fan de algunos cazabombarderos en sus inventarios que, sin embargo, empiezan a acusar la edad y las horas de vuelo de forma alarmante. Los pilotos colombianos han llegado incluso a negarse a volar en sus <em>Kfir<\/em> despu\u00e9s de que se produjeran varios accidentes que, al haber afectado sobre todo a las unidades biplaza, han obligado a reactivar una pareja de <em>Mirage<\/em> 5 para utilizarlos como entrenadores.<\/span><\/p>\n<p style=\"text-align: justify;\"><span style=\"color: #000000;\">La situaci\u00f3n colombiana es adem\u00e1s especialmente grave si se tiene en cuenta que su problem\u00e1tico vecino venezolano ha incorporado a su fuerza a\u00e9rea los capaces SU-30MK2, que si bien no son la versi\u00f3n m\u00e1s avanzada del conocido aparato ruso, s\u00ed son superiores a casi todo lo que vuela en el Cono Sur, incluidos los F-16 de <strong>Chile<\/strong> y los MiG 29 de <strong>Per\u00fa<\/strong>. Tras perder un avi\u00f3n en accidente el a\u00f1o pasado, Venezuela cuenta con una flota de 23 SU-30MK2 y, con la muy creativa excusa de luchar contra el narcotr\u00e1fico, ha manifestado su intenci\u00f3n de ampliar la flota con 12 o 13 unidades nuevas, lo que dar\u00eda al pa\u00eds una superioridad a\u00e9rea total sobre sus vecinos.<\/span><\/p>\n<p style=\"text-align: justify;\"><span style=\"color: #000000;\">Quiz\u00e1s los Gripen NG, de los que <strong>Brasil<\/strong> piensa incorporar 36 unidades, sean los \u00fanicos aviones capaces de desafiar a los potentes Sukhoi venezolanos, siempre y cuando se exploten al m\u00e1ximo las capacidades del avi\u00f3n con armamento y electr\u00f3nica de primer nivel.<\/span><\/p>\n<p style=\"text-align: justify;\"><span style=\"color: #000000;\">En cualquier caso, lo que est\u00e1 claro es que en los pr\u00f3ximos a\u00f1os numerosas <strong>fuerzas a\u00e9reas <\/strong>iberoamericanas deber\u00e1n renovar su material de vuelo, ya sea por obsolescencia e incapacidad para hacer frente a las posibles amenazas o, sencillamente, porque dicho material ha dejado de existir. Para ello deber\u00e1 buscarse un avi\u00f3n capaz de hacer frente a sus posibles rivales, con una vida operativa prolongada y costes de mantenimiento y operaci\u00f3n razonables. La competencia ser\u00e1 feroz y, desgraciadamente, las consideraciones industriales y militares no ser\u00e1n las \u00fanicas que pesen, pero no cabe duda de que aquel que pueda ofrecer un cazabombardero que re\u00fana todas esas caracter\u00edsticas, tendr\u00e1 ante s\u00ed una brillante perspectiva en Iberoam\u00e9rica.<\/span><\/p>\n<p style=\"text-align: justify;\"><span style=\"color: #000000;\"><em><strong>\u00c1lvaro Silva<\/strong>, Analista<\/em><\/span><\/p>\n<p style=\"text-align: justify;\"><img decoding=\"async\" class=\" size-full wp-image-1390 aligncenter\" src=\"https:\/\/articulo30.files.wordpress.com\/2016\/09\/fuerza-aerea-iberoamerica.jpg\" alt=\"fuerza-aerea-iberoamerica\" width=\"100%\" \/><\/p>\n<p style=\"text-align: center;\">_______________________<\/p>\n<div class=\"pdfprnt-buttons pdfprnt-buttons-post pdfprnt-bottom-left\"><a href=\"https:\/\/articulo30.org\/politica-defensa\/wp-json\/wp\/v2\/posts\/255?print=print\" class=\"pdfprnt-button pdfprnt-button-print\" target=\"_blank\" ><img decoding=\"async\" src=\"http:\/\/articulo30.org\/politica-defensa\/wp-content\/plugins\/pdf-print\/images\/print.png\" alt=\"image_print\" title=\"Imprimir contenido\" \/><span class=\"pdfprnt-button-title pdfprnt-button-print-title\">Imprimir<\/span><\/a><\/div>","protected":false},"excerpt":{"rendered":"<p>La reciente baja de los \u00faltimos F-5E Tiger II que se manten\u00edan operativos en la Fuerza A\u00e9rea Mexicana, las negociaciones delministro de defensa argentino ensu \u00faltimo periplo europeo y las noticias sobre la intenci\u00f3n de Venezuela de aumentar su flota de Sukhoi-30 MK2, han vuelto a animar los debates sobre el poder a\u00e9reo en Iberoam\u00e9rica&#8230;.<\/p>\n","protected":false},"author":4,"featured_media":14,"comment_status":"closed","ping_status":"closed","sticky":false,"template":"","format":"standard","meta":{"footnotes":""},"categories":[218,2],"tags":[4,82,9],"class_list":["post-255","post","type-post","status-publish","format-standard","has-post-thumbnail","hentry","category-cultura-estrategica","category-internacional","tag-aeroespacial","tag-iberoamerica","tag-industria"],"_links":{"self":[{"href":"https:\/\/articulo30.org\/politica-defensa\/wp-json\/wp\/v2\/posts\/255","targetHints":{"allow":["GET"]}}],"collection":[{"href":"https:\/\/articulo30.org\/politica-defensa\/wp-json\/wp\/v2\/posts"}],"about":[{"href":"https:\/\/articulo30.org\/politica-defensa\/wp-json\/wp\/v2\/types\/post"}],"author":[{"embeddable":true,"href":"https:\/\/articulo30.org\/politica-defensa\/wp-json\/wp\/v2\/users\/4"}],"replies":[{"embeddable":true,"href":"https:\/\/articulo30.org\/politica-defensa\/wp-json\/wp\/v2\/comments?post=255"}],"version-history":[{"count":8,"href":"https:\/\/articulo30.org\/politica-defensa\/wp-json\/wp\/v2\/posts\/255\/revisions"}],"predecessor-version":[{"id":346,"href":"https:\/\/articulo30.org\/politica-defensa\/wp-json\/wp\/v2\/posts\/255\/revisions\/346"}],"wp:featuredmedia":[{"embeddable":true,"href":"https:\/\/articulo30.org\/politica-defensa\/wp-json\/wp\/v2\/media\/14"}],"wp:attachment":[{"href":"https:\/\/articulo30.org\/politica-defensa\/wp-json\/wp\/v2\/media?parent=255"}],"wp:term":[{"taxonomy":"category","embeddable":true,"href":"https:\/\/articulo30.org\/politica-defensa\/wp-json\/wp\/v2\/categories?post=255"},{"taxonomy":"post_tag","embeddable":true,"href":"https:\/\/articulo30.org\/politica-defensa\/wp-json\/wp\/v2\/tags?post=255"}],"curies":[{"name":"wp","href":"https:\/\/api.w.org\/{rel}","templated":true}]}}