{"id":5163,"date":"2020-10-20T16:25:03","date_gmt":"2020-10-20T15:25:03","guid":{"rendered":"https:\/\/articulo30.org\/politica-defensa\/?p=5163"},"modified":"2020-10-20T17:16:42","modified_gmt":"2020-10-20T16:16:42","slug":"congreso-urjc-ensenanza-militar-en-espana-2020","status":"publish","type":"post","link":"https:\/\/articulo30.org\/politica-defensa\/congreso-urjc-ensenanza-militar-en-espana-2020\/","title":{"rendered":"Congreso \u00abPasado, presente y futuro de la ense\u00f1anza militar en Espa\u00f1a\u00bb"},"content":{"rendered":"\n<p>La Universidad Rey Juan Carlos ha organizado el Congreso \u201cPasado, presente y futuro de la ense\u00f1anza militar en Espa\u00f1a: academias militares y universidades\u00bb, un evento que ha contado con el apoyo de la Secretar\u00eda General de Pol\u00edtica de Defensa del Ministerio de Defensa (te adjunto el programa). <\/p>\n\n\n\n<p>Como parte del programa de contenidos, \u00c1lvaro Silva, profesor de la URJC, ha presentado la ponencia titulada <em><strong>1815-1914: un siglo de pensamiento y doctrina ante la guerra moderna<\/strong><\/em> donde mostr\u00f3 c\u00f3mo el pensamiento y la formaci\u00f3n militar, desde las guerras de Napole\u00f3n hasta la Primera Guerra Mundial, se fue adaptando a los sucesivos avances tecnol\u00f3gicos y a los nuevos desaf\u00edos. <\/p>\n\n\n\n<p>Gabriel Cortina ha participado con la conferencia <em><strong>Pensar la estrategia<\/strong><\/em>, donde plante\u00f3 un conjunto de reflexiones sobre estrategia nacional y la necesidad de desarrollar cultura estrat\u00e9gica para lograr que Espa\u00f1a se comprometa con su contexto geopol\u00edtico.<\/p>\n\n\n\n<div style=\"height:80px\" aria-hidden=\"true\" class=\"wp-block-spacer\"><\/div>\n\n\n\n<div class=\"wp-block-image\"><figure class=\"aligncenter size-large\"><img loading=\"lazy\" decoding=\"async\" width=\"1024\" height=\"466\" src=\"https:\/\/articulo30.org\/politica-defensa\/wp-content\/uploads\/congreso-defensa-urjc-2020-1024x466.jpg\" alt=\"\" class=\"wp-image-5165\" srcset=\"https:\/\/articulo30.org\/politica-defensa\/wp-content\/uploads\/congreso-defensa-urjc-2020-scaled.jpg 1024w, https:\/\/articulo30.org\/politica-defensa\/wp-content\/uploads\/congreso-defensa-urjc-2020-300x137.jpg 300w, https:\/\/articulo30.org\/politica-defensa\/wp-content\/uploads\/congreso-defensa-urjc-2020-768x350.jpg 768w\" sizes=\"auto, (max-width: 1024px) 100vw, 1024px\" \/><\/figure><\/div>\n\n\n\n<div style=\"height:259px\" aria-hidden=\"true\" class=\"wp-block-spacer\"><\/div>\n<div class=\"pdfprnt-buttons pdfprnt-buttons-post pdfprnt-bottom-left\"><a href=\"https:\/\/articulo30.org\/politica-defensa\/wp-json\/wp\/v2\/posts\/5163?print=print\" class=\"pdfprnt-button pdfprnt-button-print\" target=\"_blank\" ><img decoding=\"async\" src=\"http:\/\/articulo30.org\/politica-defensa\/wp-content\/plugins\/pdf-print\/images\/print.png\" alt=\"image_print\" title=\"Imprimir contenido\" \/><span class=\"pdfprnt-button-title pdfprnt-button-print-title\">Imprimir<\/span><\/a><\/div>","protected":false},"excerpt":{"rendered":"<p>La Universidad Rey Juan Carlos ha organizado el Congreso \u201cPasado, presente y futuro de la ense\u00f1anza militar en Espa\u00f1a: academias militares y universidades\u00bb, un evento que ha contado con el apoyo de la Secretar\u00eda General de Pol\u00edtica de Defensa del Ministerio de Defensa (te adjunto el programa). Como parte del programa de contenidos, \u00c1lvaro Silva,&#8230;<\/p>\n","protected":false},"author":4,"featured_media":5167,"comment_status":"closed","ping_status":"closed","sticky":false,"template":"","format":"standard","meta":{"footnotes":""},"categories":[218,249],"tags":[45,73,280],"class_list":["post-5163","post","type-post","status-publish","format-standard","has-post-thumbnail","hentry","category-cultura-estrategica","category-iniciativas","tag-cultura-de-defensa","tag-estrategia","tag-universidad"],"_links":{"self":[{"href":"https:\/\/articulo30.org\/politica-defensa\/wp-json\/wp\/v2\/posts\/5163","targetHints":{"allow":["GET"]}}],"collection":[{"href":"https:\/\/articulo30.org\/politica-defensa\/wp-json\/wp\/v2\/posts"}],"about":[{"href":"https:\/\/articulo30.org\/politica-defensa\/wp-json\/wp\/v2\/types\/post"}],"author":[{"embeddable":true,"href":"https:\/\/articulo30.org\/politica-defensa\/wp-json\/wp\/v2\/users\/4"}],"replies":[{"embeddable":true,"href":"https:\/\/articulo30.org\/politica-defensa\/wp-json\/wp\/v2\/comments?post=5163"}],"version-history":[{"count":16,"href":"https:\/\/articulo30.org\/politica-defensa\/wp-json\/wp\/v2\/posts\/5163\/revisions"}],"predecessor-version":[{"id":5183,"href":"https:\/\/articulo30.org\/politica-defensa\/wp-json\/wp\/v2\/posts\/5163\/revisions\/5183"}],"wp:featuredmedia":[{"embeddable":true,"href":"https:\/\/articulo30.org\/politica-defensa\/wp-json\/wp\/v2\/media\/5167"}],"wp:attachment":[{"href":"https:\/\/articulo30.org\/politica-defensa\/wp-json\/wp\/v2\/media?parent=5163"}],"wp:term":[{"taxonomy":"category","embeddable":true,"href":"https:\/\/articulo30.org\/politica-defensa\/wp-json\/wp\/v2\/categories?post=5163"},{"taxonomy":"post_tag","embeddable":true,"href":"https:\/\/articulo30.org\/politica-defensa\/wp-json\/wp\/v2\/tags?post=5163"}],"curies":[{"name":"wp","href":"https:\/\/api.w.org\/{rel}","templated":true}]}}