{"id":5847,"date":"2021-06-29T15:00:20","date_gmt":"2021-06-29T14:00:20","guid":{"rendered":"https:\/\/articulo30.org\/politica-defensa\/?p=5847"},"modified":"2023-03-01T14:33:25","modified_gmt":"2023-03-01T13:33:25","slug":"podcast-12-union-europea-actor-seguridad-sebastian-puig","status":"publish","type":"post","link":"https:\/\/articulo30.org\/politica-defensa\/podcast-12-union-europea-actor-seguridad-sebastian-puig\/","title":{"rendered":"Podcast 12 \u00b7 La Uni\u00f3n Europea, \u00bfllegar\u00e1 a ser un actor de seguridad?"},"content":{"rendered":"\n<p class=\"has-small-font-size\">29 Junio 2021<\/p>\n\n\n\n<p>En 2020, los Ministros de Defensa de la UE acordaron desarrollar el <em><strong>Strategic Compass<\/strong><\/em>, (Orientaci\u00f3n Estrat\u00e9gica en espa\u00f1ol) en el marco de la Estrategia Global de la Uni\u00f3n. Pero la Uni\u00f3n Europea no es, en s\u00ed misma, un actor de seguridad; es lo que se conoce como un poder blando. La Defensa es todav\u00eda un \u00e1mbito de competencia exclusiva de cada estado miembro, 27 pa\u00edses, con distintos intereses y prioridades. Llegar a un acuerdo y aunar culturas estrat\u00e9gicas tan diversas no ser\u00e1 sencillo ni r\u00e1pido. Por eso, \u00bfqu\u00e9 podemos esperar, entonces, del nuevo plan de Seguridad de la Uni\u00f3n Europea?<\/p>\n\n\n\n<p>Hoy contamos con <strong>Sebasti\u00e1n Puig<\/strong>, Oficial de Intendencia de Armada y experto nacional en asuntos financieros de Seguridad y Defensa en el Consejo de la Uni\u00f3n Europea, para abordar este nuevo plan de Seguridad y Defensa de la UE y, en concreto, la direcci\u00f3n estrat\u00e9gica para el sur de Europa, donde analizaremos el reto de la migraci\u00f3n.<\/p>\n\n\n\n<div style=\"height:30px\" aria-hidden=\"true\" class=\"wp-block-spacer\"><\/div>\n\n\n\n<figure class=\"wp-block-embed is-type-rich is-provider-spotify wp-block-embed-spotify wp-embed-aspect-21-9 wp-has-aspect-ratio\"><div class=\"wp-block-embed__wrapper\">\n<iframe title=\"Spotify Embed: La UE, \u00bfllegar\u00e1 a ser un actor de seguridad?\" style=\"border-radius: 12px\" width=\"100%\" height=\"152\" frameborder=\"0\" allowfullscreen allow=\"autoplay; clipboard-write; encrypted-media; fullscreen; picture-in-picture\" loading=\"lazy\" src=\"https:\/\/open.spotify.com\/embed\/episode\/0RRlGRuwgVp2wV2wD6sTmP?si=1ab175dc844f47be&amp;utm_source=oembed\"><\/iframe>\n<\/div><\/figure>\n\n\n\n<p class=\"has-small-font-size\">Direcci\u00f3n: <strong>Leticia Ben\u00edtez<\/strong><\/p>\n\n\n\n<p class=\"has-small-font-size\">Realizaci\u00f3n: Blanca Marabini y Leticia Cueto<\/p>\n\n\n\n<div style=\"height:30px\" aria-hidden=\"true\" class=\"wp-block-spacer\"><\/div>\n\n\n\n<p class=\"has-text-align-center\">Sigue nuestro podcast \u00abAudio 30\u00bb, disponible en Spotify, Ivoox y Apple Podcast<\/p>\n\n\n\n<div style=\"height:10px\" aria-hidden=\"true\" class=\"wp-block-spacer\"><\/div>\n\n\n\n<div class=\"wp-block-image\"><figure class=\"aligncenter size-large is-resized\"><a href=\"https:\/\/open.spotify.com\/show\/5ay1bzMItUudD3dKGCFrv5\" target=\"_blank\" rel=\"noopener\"><img loading=\"lazy\" decoding=\"async\" src=\"https:\/\/articulo30.org\/politica-defensa\/wp-content\/uploads\/Spotify.jpg\" alt=\"\" class=\"wp-image-5409\" width=\"224\" height=\"126\" srcset=\"https:\/\/articulo30.org\/politica-defensa\/wp-content\/uploads\/Spotify.jpg 400w, https:\/\/articulo30.org\/politica-defensa\/wp-content\/uploads\/Spotify-300x169.jpg 300w\" sizes=\"auto, (max-width: 224px) 100vw, 224px\" \/><\/a><\/figure><\/div>\n\n\n\n<div style=\"height:10px\" aria-hidden=\"true\" class=\"wp-block-spacer\"><\/div>\n\n\n\n<div class=\"wp-block-image\"><figure class=\"aligncenter size-large is-resized\"><a href=\"https:\/\/www.ivoox.com\/podcast-audio30_sq_f1677010_1.html\" target=\"_blank\" rel=\"noopener\"><img loading=\"lazy\" decoding=\"async\" src=\"https:\/\/articulo30.org\/politica-defensa\/wp-content\/uploads\/logo-iVoox.png\" alt=\"\" class=\"wp-image-5740\" width=\"238\" height=\"70\" srcset=\"https:\/\/articulo30.org\/politica-defensa\/wp-content\/uploads\/logo-iVoox.png 499w, https:\/\/articulo30.org\/politica-defensa\/wp-content\/uploads\/logo-iVoox-300x88.png 300w\" sizes=\"auto, (max-width: 238px) 100vw, 238px\" \/><\/a><\/figure><\/div>\n\n\n\n<div style=\"height:10px\" aria-hidden=\"true\" class=\"wp-block-spacer\"><\/div>\n\n\n\n<div class=\"wp-block-image\"><figure class=\"aligncenter size-large is-resized\"><a href=\"https:\/\/podcasts.apple.com\/es\/podcast\/audio30\/id1559552797?l=en\" target=\"_blank\" rel=\"noopener\"><img loading=\"lazy\" decoding=\"async\" src=\"https:\/\/articulo30.org\/politica-defensa\/wp-content\/uploads\/logo-Apple.jpg\" alt=\"\" class=\"wp-image-5741\" width=\"246\" height=\"71\" srcset=\"https:\/\/articulo30.org\/politica-defensa\/wp-content\/uploads\/logo-Apple.jpg 392w, https:\/\/articulo30.org\/politica-defensa\/wp-content\/uploads\/logo-Apple-300x86.jpg 300w\" sizes=\"auto, (max-width: 246px) 100vw, 246px\" \/><\/a><\/figure><\/div>\n\n\n\n<div style=\"height:150px\" aria-hidden=\"true\" class=\"wp-block-spacer\"><\/div>\n<div class=\"pdfprnt-buttons pdfprnt-buttons-post pdfprnt-bottom-left\"><a href=\"https:\/\/articulo30.org\/politica-defensa\/wp-json\/wp\/v2\/posts\/5847?print=print\" class=\"pdfprnt-button pdfprnt-button-print\" target=\"_blank\" ><img decoding=\"async\" src=\"http:\/\/articulo30.org\/politica-defensa\/wp-content\/plugins\/pdf-print\/images\/print.png\" alt=\"image_print\" title=\"Imprimir contenido\" \/><span class=\"pdfprnt-button-title pdfprnt-button-print-title\">Imprimir<\/span><\/a><\/div>","protected":false},"excerpt":{"rendered":"<p>29 Junio 2021 En 2020, los Ministros de Defensa de la UE acordaron desarrollar el Strategic Compass, (Orientaci\u00f3n Estrat\u00e9gica en espa\u00f1ol) en el marco de la Estrategia Global de la Uni\u00f3n. Pero la Uni\u00f3n Europea no es, en s\u00ed misma, un actor de seguridad; es lo que se conoce como un poder blando. La Defensa&#8230;<\/p>\n","protected":false},"author":4,"featured_media":5853,"comment_status":"closed","ping_status":"closed","sticky":false,"template":"","format":"standard","meta":{"footnotes":""},"categories":[249,303,233],"tags":[51,73,8,183,302,78],"class_list":["post-5847","post","type-post","status-publish","format-standard","has-post-thumbnail","hentry","category-iniciativas","category-podcast","category-union-europea","tag-espana","tag-estrategia","tag-geopolitica","tag-inmigracion","tag-podcast","tag-union-europea"],"_links":{"self":[{"href":"https:\/\/articulo30.org\/politica-defensa\/wp-json\/wp\/v2\/posts\/5847","targetHints":{"allow":["GET"]}}],"collection":[{"href":"https:\/\/articulo30.org\/politica-defensa\/wp-json\/wp\/v2\/posts"}],"about":[{"href":"https:\/\/articulo30.org\/politica-defensa\/wp-json\/wp\/v2\/types\/post"}],"author":[{"embeddable":true,"href":"https:\/\/articulo30.org\/politica-defensa\/wp-json\/wp\/v2\/users\/4"}],"replies":[{"embeddable":true,"href":"https:\/\/articulo30.org\/politica-defensa\/wp-json\/wp\/v2\/comments?post=5847"}],"version-history":[{"count":9,"href":"https:\/\/articulo30.org\/politica-defensa\/wp-json\/wp\/v2\/posts\/5847\/revisions"}],"predecessor-version":[{"id":5858,"href":"https:\/\/articulo30.org\/politica-defensa\/wp-json\/wp\/v2\/posts\/5847\/revisions\/5858"}],"wp:featuredmedia":[{"embeddable":true,"href":"https:\/\/articulo30.org\/politica-defensa\/wp-json\/wp\/v2\/media\/5853"}],"wp:attachment":[{"href":"https:\/\/articulo30.org\/politica-defensa\/wp-json\/wp\/v2\/media?parent=5847"}],"wp:term":[{"taxonomy":"category","embeddable":true,"href":"https:\/\/articulo30.org\/politica-defensa\/wp-json\/wp\/v2\/categories?post=5847"},{"taxonomy":"post_tag","embeddable":true,"href":"https:\/\/articulo30.org\/politica-defensa\/wp-json\/wp\/v2\/tags?post=5847"}],"curies":[{"name":"wp","href":"https:\/\/api.w.org\/{rel}","templated":true}]}}