{"id":5893,"date":"2021-10-20T20:00:55","date_gmt":"2021-10-20T19:00:55","guid":{"rendered":"https:\/\/articulo30.org\/politica-defensa\/?p=5893"},"modified":"2021-10-26T13:22:27","modified_gmt":"2021-10-26T12:22:27","slug":"jornadas-cultura-universidad-nebrija-2021","status":"publish","type":"post","link":"https:\/\/articulo30.org\/politica-defensa\/jornadas-cultura-universidad-nebrija-2021\/","title":{"rendered":"Jornadas de Cultura de Defensa 2021, Universidad Nebrija"},"content":{"rendered":"\n<p>Las Jornadas CICA-Nebrija de Cultura de Defensa para J\u00f3venes tienen el objetivo de difundir contenidos de inter\u00e9s de seguridad y defensa para la comunidad universitaria. El programa se desarroll\u00f3 los d\u00edas 19 y 20 de octubre y asistieron numerosos profesores y estudiantes de la Universidad Nebrija (Madrid). <\/p>\n\n\n\n<p>En esta edici\u00f3n hemos participado en la mesa titulada <strong>\u00ab<em>La sociedad civil ante la Seguridad y la Defensa<\/em>\u00ab<\/strong>. Ver\u00f3nica Dom\u00ednguez comparti\u00f3 su experiencia en el Cuartel de OTAN-SHAPE\u00a0(B\u00e9lgica). Expuso los problemas log\u00edsticos, emocionales, econ\u00f3micos y sociales a los que se enfrenta la familia de un militar, y por tanto, aspectos que tambi\u00e9n sufren los propios miembros de las Fuerzas Armadas. Las dificultades son debidas, en concreto, a la ausencia de una pol\u00edtica de personal que contemple la importancia de la <em>retaguardia<\/em> de los militares, porque es su familia la que se queda en casa sola durante meses o sufre los cambios de destino.\u00a0En la mesa estuvo acompa\u00f1ada por David Santos,\u00a0presidente de ADALEDE, Col. Juan Bill\u00f3n,\u00a0jefe del \u00e1rea de Cultura de Defensa (DICOES) del Ministerio de Defensa, e Irene Rodr\u00edguez,\u00a0presidenta de EuroDefense Joven Espa\u00f1a.<\/p>\n\n\n\n<p>Como parte del equipo de colaboraci\u00f3n cient\u00edfica, estaban tambi\u00e9n la Escuela de Guerra del Ej\u00e9rcito y el Instituto Espa\u00f1ol de Estudios Estrat\u00e9gicos (IEEE). El programa incluy\u00f3 una visita a la Brigada Guadarrama XII, una unidad singular que est\u00e1 integrada por un regimiento acorazado, artiller\u00eda de campa\u00f1a, grupo log\u00edstico y batall\u00f3n de zapadores.<\/p>\n\n\n\n<p>Deseamos agradecer especialmente al Prof. Jes\u00fas Mart\u00edn Ram\u00edrez,&nbsp;presidente de la Fundaci\u00f3n CICA International y director de la C\u00e1tedra Nebrija-Santander sobre Gesti\u00f3n de Riesgos y Conflictos, por todos los esfuerzos realizados a favor de la difusi\u00f3n de la cultura de defensa en el \u00e1mbito universitario. <\/p>\n\n\n\n<div style=\"height:50px\" aria-hidden=\"true\" class=\"wp-block-spacer\"><\/div>\n\n\n\n<div class=\"wp-block-image\"><figure class=\"aligncenter size-full is-resized\"><img decoding=\"async\" src=\"https:\/\/articulo30.org\/politica-defensa\/wp-content\/uploads\/Universidad-Nebrija_Cultura-Defensa-2021.jpeg\" alt=\"\" class=\"wp-image-5894\" height=\"700\" srcset=\"https:\/\/articulo30.org\/politica-defensa\/wp-content\/uploads\/Universidad-Nebrija_Cultura-Defensa-2021.jpeg 691w, https:\/\/articulo30.org\/politica-defensa\/wp-content\/uploads\/Universidad-Nebrija_Cultura-Defensa-2021-223x300.jpeg 223w\" sizes=\"(max-width: 691px) 100vw, 691px\" \/><\/figure><\/div>\n\n\n\n<div style=\"height:150px\" aria-hidden=\"true\" class=\"wp-block-spacer\"><\/div>\n\n\n<div class=\"pdfprnt-buttons pdfprnt-buttons-post pdfprnt-bottom-left\"><a href=\"https:\/\/articulo30.org\/politica-defensa\/wp-json\/wp\/v2\/posts\/5893?print=print\" class=\"pdfprnt-button pdfprnt-button-print\" target=\"_blank\" ><img decoding=\"async\" src=\"http:\/\/articulo30.org\/politica-defensa\/wp-content\/plugins\/pdf-print\/images\/print.png\" alt=\"image_print\" title=\"Imprimir contenido\" \/><span class=\"pdfprnt-button-title pdfprnt-button-print-title\">Imprimir<\/span><\/a><\/div>","protected":false},"excerpt":{"rendered":"<p>Las Jornadas CICA-Nebrija de Cultura de Defensa para J\u00f3venes tienen el objetivo de difundir contenidos de inter\u00e9s de seguridad y defensa para la comunidad universitaria. El programa se desarroll\u00f3 los d\u00edas 19 y 20 de octubre y asistieron numerosos profesores y estudiantes de la Universidad Nebrija (Madrid). En esta edici\u00f3n hemos participado en la mesa&#8230;<\/p>\n","protected":false},"author":4,"featured_media":5899,"comment_status":"closed","ping_status":"closed","sticky":false,"template":"","format":"standard","meta":{"footnotes":""},"categories":[294,249],"tags":[324,45,71,280],"class_list":["post-5893","post","type-post","status-publish","format-standard","has-post-thumbnail","hentry","category-campus","category-iniciativas","tag-campus","tag-cultura-de-defensa","tag-fuerzas-armadas","tag-universidad"],"_links":{"self":[{"href":"https:\/\/articulo30.org\/politica-defensa\/wp-json\/wp\/v2\/posts\/5893","targetHints":{"allow":["GET"]}}],"collection":[{"href":"https:\/\/articulo30.org\/politica-defensa\/wp-json\/wp\/v2\/posts"}],"about":[{"href":"https:\/\/articulo30.org\/politica-defensa\/wp-json\/wp\/v2\/types\/post"}],"author":[{"embeddable":true,"href":"https:\/\/articulo30.org\/politica-defensa\/wp-json\/wp\/v2\/users\/4"}],"replies":[{"embeddable":true,"href":"https:\/\/articulo30.org\/politica-defensa\/wp-json\/wp\/v2\/comments?post=5893"}],"version-history":[{"count":8,"href":"https:\/\/articulo30.org\/politica-defensa\/wp-json\/wp\/v2\/posts\/5893\/revisions"}],"predecessor-version":[{"id":5939,"href":"https:\/\/articulo30.org\/politica-defensa\/wp-json\/wp\/v2\/posts\/5893\/revisions\/5939"}],"wp:featuredmedia":[{"embeddable":true,"href":"https:\/\/articulo30.org\/politica-defensa\/wp-json\/wp\/v2\/media\/5899"}],"wp:attachment":[{"href":"https:\/\/articulo30.org\/politica-defensa\/wp-json\/wp\/v2\/media?parent=5893"}],"wp:term":[{"taxonomy":"category","embeddable":true,"href":"https:\/\/articulo30.org\/politica-defensa\/wp-json\/wp\/v2\/categories?post=5893"},{"taxonomy":"post_tag","embeddable":true,"href":"https:\/\/articulo30.org\/politica-defensa\/wp-json\/wp\/v2\/tags?post=5893"}],"curies":[{"name":"wp","href":"https:\/\/api.w.org\/{rel}","templated":true}]}}