{"id":713,"date":"2017-03-05T22:47:51","date_gmt":"2017-03-05T21:47:51","guid":{"rendered":"http:\/\/articulo30.org\/politica-defensa\/?p=713"},"modified":"2020-08-11T16:00:19","modified_gmt":"2020-08-11T15:00:19","slug":"espana-identidad-geopolitica","status":"publish","type":"post","link":"https:\/\/articulo30.org\/politica-defensa\/espana-identidad-geopolitica\/","title":{"rendered":"Espa\u00f1a, cuesti\u00f3n de identidad"},"content":{"rendered":"<p style=\"text-align: justify;\">El mundo asiste a lo que han denominado \u201cel retorno de la Historia\u201d, la vuelta a la relaci\u00f3n competitiva de seguridad entre <strong>grandes potencias<\/strong>. Un contexto impredecible, opuesto a cualquier planteamiento determinista. Estas situaciones est\u00e1n plasmadas en la historia y, aquellos actores internacionales incapaces de identificar los cambios o no se adaptaron a ellos, tuvieron que gestionar la irrelevancia o desaparecieron. La cuesti\u00f3n es: \u00bfpuede Espa\u00f1a sobrevivir en un contexto internacional de alta complejidad en el que el <strong>multilateralismo<\/strong> se difumina e impera la pol\u00edtica de las potencias?.<\/p>\n<p style=\"text-align: justify;\">La Espa\u00f1a de hoy puede valorarse desde la perspectiva de casi 40 a\u00f1os desde el dise\u00f1o y la praxis del r\u00e9gimen de la Constituci\u00f3n de 1978 y \u00a0desde la situaci\u00f3n mundial en que surgi\u00f3: la recta final de la Guerra Fr\u00eda. En aquellas circunstancias, con una nueva sociedad de amplia clase media, se opt\u00f3 por dise\u00f1ar un <strong>estado fr\u00e1gil<\/strong>, con el arriesgado experimento de fraccionar territorialmente el poder pol\u00edtico. Se habilitaban las condiciones para volver a pasear a los demonios de nuestra historia, los particularismos, debilitando los lazos de uni\u00f3n entre espa\u00f1oles y recreando la tradicional introversi\u00f3n que de imperio nos hizo bascular a la irrelevancia en el concierto de las naciones. La organizaci\u00f3n del Estado adoptada en la Transici\u00f3n ven\u00eda propiciada por la ausencia de un dise\u00f1o de proyecto nacional, pues la acci\u00f3n aut\u00f3noma de los particularismos es incompatible con la existencia de un Estado eficaz.<\/p>\n<p style=\"text-align: justify;\">El ingreso en las Comunidades Europeas obtuvo apoyo un\u00e1nime de las fuerzas pol\u00edticas, no s\u00f3lo por lo que representaba de oportunidades de desarrollo material. El hecho propici\u00f3 la formaci\u00f3n de una jerarqu\u00eda de lealtades, a veces imperceptible, en la que la naci\u00f3n ocupaba un lugar subordinado a \u201c<strong>Europa<\/strong>\u201d, actitud consecuencia de otra alienaci\u00f3n de dirigentes pol\u00edticos y creadores de opini\u00f3n que, conscientes o no de la debilidad que emana de la carencia de un proyecto nacional y de la falta de cultura estrat\u00e9gica, en lugar de aprovechar la integraci\u00f3n en Europa y Occidente para potenciar la idea de Espa\u00f1a, se dedicaron a paliar el vac\u00edo de proyecto nacional potenciando la fe en el ente supranacional europeo.<\/p>\n<p style=\"text-align: justify;\">La bonanza econ\u00f3mica y la euforia europe\u00edsta de los a\u00f1os 90, enmascar\u00f3 los peligros que subyac\u00edan en la naturaleza <strong>geopol\u00edtica<\/strong> de la UE, y su potencial evoluci\u00f3n, as\u00ed como las fallas estructurales del Estado \u201cabierto\u201d de la Constituci\u00f3n de 1978 que ha mutado a medida que la fragmentaci\u00f3n territorial se ahondaba y, con ella, la debilidad del poder estatal y la cohesi\u00f3n nacional. Al golpear la crisis econ\u00f3mica el sur de Europa, en Espa\u00f1a se visualiza la fragilidad de las instituciones nacionales y la sociedad adopta un <em>ennui<\/em> colectivo. En una situaci\u00f3n econ\u00f3mica y social cambiante se agudizan las tendencias centr\u00edfugas propiciadas por la disfuncional estructura auton\u00f3mica, a las que, como \u00fanico recurso para contrarrestarlas se amenaza con expulsi\u00f3n de los insumisos de un ed\u00e9n europeo que no existe.<\/p>\n<p style=\"text-align: justify;\">Parte de la sociedad espa\u00f1ola ha metabolizado muchos de los postulados posmodernistas y posmarxistas tan en boga en Occidente durante los a\u00f1os 90, abrazando el <strong>ideal de paz<\/strong> desde su vertiente ut\u00f3pica, retirando su compromiso con la tarea com\u00fan nacional y deslegitimando las reglas que afectan a la colectividad. Se pretende que el ciudadano para la acci\u00f3n sea sustituido por el consumidor de bienestar, condici\u00f3n que se considera como derecho individual, algo que al ciudadano se le \u201cotorga por a\u00f1adidura\u201d. Son algunas de las cortinas que impiden a la sociedad percibir el contexto internacional en que hay que sobrevivir.<\/p>\n<p style=\"text-align: justify;\">Para sobrevivir como entidad pol\u00edtica en un contexto complejo que muta r\u00e1pidamente, es necesario un planteamiento de ecolog\u00eda darwiniana que permita la adaptaci\u00f3n a un ambiente de hipercompetici\u00f3n global. La prevalente narrativa postmoderna y la debilidad estructural estatal llevan a la renuncia del ejercicio del poder en el \u00e1mbito internacional, pues se requiere una sociedad cohesionada, s\u00f3lidamente educada en la cultura del conocimiento y robustas instituciones pol\u00edticas que impriman sentido de acci\u00f3n colectiva. En la nueva era que vivimos, la apariencia de renuncia a ser actor estrat\u00e9gico convierte a Espa\u00f1a en un pa\u00eds <strong>vulnerable<\/strong> ante cualquier adversario.<\/p>\n<p style=\"text-align: justify;\">La tarea es enorme; tiene adormecidos los est\u00edmulos y capacidades necesarias para mostrarse como una unidad pol\u00edtica cohesionada. La historia demuestra que el \u00e9nfasis en la diversidad provoca debilidad, no la fortaleza de las naciones. Pero hay potencialidad para revertir el rumbo, reforzando el poder del Estado en la totalidad del territorio patrio, conseguir la igualdad de los espa\u00f1oles, desmontando cualquier tipo de \u201cfronteras\u201d interiores, f\u00edsicas o virtuales, y abandonar el complejo de \u201ctutela\u201d europea de las tres \u00faltimas d\u00e9cadas, pasando de \u201cpupilo\u201d a \u201cactor\u201d. La recuperaci\u00f3n de los mejores rasgos de nuestra personalidad hist\u00f3rica como naci\u00f3n centenaria, es esencial. La supervivencia de Espa\u00f1a necesita una potente cohesi\u00f3n nacional para ejercer la necesaria <strong>extroversi\u00f3n estatal<\/strong>. Es una cuesti\u00f3n de identidad, un requerimiento esencial para competir en el contexto geopol\u00edtico resultante del \u201cregreso de la Historia\u201d.<\/p>\n<p>&nbsp;<\/p>\n<p><em><strong>Enrique Foj\u00f3n<\/strong>, Doctor en Relaciones Internacionales<\/em><\/p>\n<p>&nbsp;<\/p>\n<p><span style=\"border-top-left-radius: 2px; border-top-right-radius: 2px; border-bottom-right-radius: 2px; border-bottom-left-radius: 2px; text-indent: 20px; width: auto; padding: 0px 4px 0px 0px; text-align: center; font-style: normal; font-variant-caps: normal; font-weight: bold; font-stretch: normal; font-size: 11px; line-height: 20px; font-family: 'Helvetica Neue', Helvetica, sans-serif; color: #ffffff; background-image: url(data:image\/svg+xml; base64,phn2zyb4bwxucz0iahr0cdovl3d3dy53my5vcmcvmjawmc9zdmciighlawdodd0imzbwecigd2lkdgg9ijmwchgiihzpzxdcb3g9ii0xic0xidmxidmxij48zz48cgf0acbkpsjnmjkundq5lde0ljy2mibdmjkundq5ldiyljcymiaymi44njgsmjkumju2ide0ljc1ldi5lji1nibdni42mzismjkumju2idaumduxldiyljcymiawlja1mswxnc42njigqzaumduxldyunjaxidyunjmyldaumdy3ide0ljc1ldaumdy3iemymi44njgsmc4wnjcgmjkundq5ldyunjaxidi5ljq0oswxnc42njiiigzpbgw9iinmzmyiihn0cm9rzt0ii2zmziigc3ryb2tllxdpzhropsixij48l3bhdgg+phbhdgggzd0itte0ljczmywxljy4nibdny41mtysms42odygms42njusny40otugms42njusmtqunjyyiemxljy2nswymc4xntkgns4xmdksmjquodu0idkuotcsmjyunzq0iem5ljg1niwyns43mtggos43ntmsmjqumtqzidewljaxniwymy4wmjigqzewlji1mywymi4wmsaxms41ndgsmtyuntcyidexlju0ocwxni41nzigqzexlju0ocwxni41nzigmteumtu3lde1ljc5nsaxms4xntcsmtqunjq2iemxms4xntcsmtiuodqyideyljixmswxms40otugmtmuntiyldexljq5nsbdmtqunjm3ldexljq5nsaxns4xnzusmtiumzi2ide1lje3nswxmy4zmjmgqze1lje3nswxnc40mzygmtqundyylde2ljegmtqumdkzlde3ljy0mybdmtmunzg1lde4ljkznsaxnc43ndusmtkuotg4ide2ljayocwxos45odggqze4ljm1mswxos45odggmjaumtm2lde3lju1niaymc4xmzysmtqumdq2iemymc4xmzysmtauotm5ide3ljg4ocw4ljc2nyaxnc42nzgsoc43njcgqzewljk1osw4ljc2nya4ljc3nywxms41mzygoc43nzcsmtqumzk4iem4ljc3nywxns41mtmgos4ymswxni43mdkgos43ndksmtcumzu5iem5ljg1niwxny40odggos44nzismtcunia5ljg0lde3ljczmsbdos43ndesmtgumtqxidkuntismtkumdizidkundc3lde5ljiwmybdos40miwxos40nca5lji4ocwxos40otegos4wncwxos4znzygqzcunda4lde4ljyymia2ljm4nywxni4yntigni4zodcsmtqumzq5iem2ljm4nywxmc4yntygos4zodmsni40otcgmtuumdiyldyundk3iemxos41ntusni40otcgmjmumdc4ldkunza1idizlja3ocwxmy45otegqzizlja3ocwxoc40njmgmjaumjm5ldiylja2miaxni4yotcsmjiumdyyiemxnc45nzmsmjiumdyyidezljcyocwyms4znzkgmtmumzayldiwlju3mibdmtmumzayldiwlju3miaxmi42ndcsmjmumdugmtiundg4ldizljy1nybdmtiumtkzldi0ljc4ncaxms4zotysmjyumtk2idewljg2mywyny4wntggqzeylja4niwyny40mzqgmtmumzg2ldi3ljyznyaxnc43mzmsmjcunjm3iemyms45nswyny42mzcgmjcuodaxldixljgyocayny44mdesmtqunjyyiemyny44mdesny40otugmjeuotusms42odygmtqunzmzldeunjg2iibmawxspsijymqwodfjij48l3bhdgg+pc9npjwvc3znpg==); background-size: 14px 14px; background-color: #bd081c; position: absolute; opacity: 1; z-index: 8675309; display: none; cursor: pointer; border: none; -webkit-font-smoothing: antialiased; top: 1053px; left: 254px; background-position: 3px 50%; background-repeat: no-repeat no-repeat;\">Guardar<\/span><span style=\"border-top-left-radius: 2px; border-top-right-radius: 2px; border-bottom-right-radius: 2px; border-bottom-left-radius: 2px; text-indent: 20px; width: auto; padding: 0px 4px 0px 0px; text-align: center; font-style: normal; font-variant-caps: normal; font-weight: bold; font-stretch: normal; font-size: 11px; line-height: 20px; font-family: 'Helvetica Neue', Helvetica, sans-serif; color: #ffffff; background-image: url(data:image\/svg+xml; base64,phn2zyb4bwxucz0iahr0cdovl3d3dy53my5vcmcvmjawmc9zdmciighlawdodd0imzbwecigd2lkdgg9ijmwchgiihzpzxdcb3g9ii0xic0xidmxidmxij48zz48cgf0acbkpsjnmjkundq5lde0ljy2mibdmjkundq5ldiyljcymiaymi44njgsmjkumju2ide0ljc1ldi5lji1nibdni42mzismjkumju2idaumduxldiyljcymiawlja1mswxnc42njigqzaumduxldyunjaxidyunjmyldaumdy3ide0ljc1ldaumdy3iemymi44njgsmc4wnjcgmjkundq5ldyunjaxidi5ljq0oswxnc42njiiigzpbgw9iinmzmyiihn0cm9rzt0ii2zmziigc3ryb2tllxdpzhropsixij48l3bhdgg+phbhdgggzd0itte0ljczmywxljy4nibdny41mtysms42odygms42njusny40otugms42njusmtqunjyyiemxljy2nswymc4xntkgns4xmdksmjquodu0idkuotcsmjyunzq0iem5ljg1niwyns43mtggos43ntmsmjqumtqzidewljaxniwymy4wmjigqzewlji1mywymi4wmsaxms41ndgsmtyuntcyidexlju0ocwxni41nzigqzexlju0ocwxni41nzigmteumtu3lde1ljc5nsaxms4xntcsmtqunjq2iemxms4xntcsmtiuodqyideyljixmswxms40otugmtmuntiyldexljq5nsbdmtqunjm3ldexljq5nsaxns4xnzusmtiumzi2ide1lje3nswxmy4zmjmgqze1lje3nswxnc40mzygmtqundyylde2ljegmtqumdkzlde3ljy0mybdmtmunzg1lde4ljkznsaxnc43ndusmtkuotg4ide2ljayocwxos45odggqze4ljm1mswxos45odggmjaumtm2lde3lju1niaymc4xmzysmtqumdq2iemymc4xmzysmtauotm5ide3ljg4ocw4ljc2nyaxnc42nzgsoc43njcgqzewljk1osw4ljc2nya4ljc3nywxms41mzygoc43nzcsmtqumzk4iem4ljc3nywxns41mtmgos4ymswxni43mdkgos43ndksmtcumzu5iem5ljg1niwxny40odggos44nzismtcunia5ljg0lde3ljczmsbdos43ndesmtgumtqxidkuntismtkumdizidkundc3lde5ljiwmybdos40miwxos40nca5lji4ocwxos40otegos4wncwxos4znzygqzcunda4lde4ljyymia2ljm4nywxni4yntigni4zodcsmtqumzq5iem2ljm4nywxmc4yntygos4zodmsni40otcgmtuumdiyldyundk3iemxos41ntusni40otcgmjmumdc4ldkunza1idizlja3ocwxmy45otegqzizlja3ocwxoc40njmgmjaumjm5ldiylja2miaxni4yotcsmjiumdyyiemxnc45nzmsmjiumdyyidezljcyocwyms4znzkgmtmumzayldiwlju3mibdmtmumzayldiwlju3miaxmi42ndcsmjmumdugmtiundg4ldizljy1nybdmtiumtkzldi0ljc4ncaxms4zotysmjyumtk2idewljg2mywyny4wntggqzeylja4niwyny40mzqgmtmumzg2ldi3ljyznyaxnc43mzmsmjcunjm3iemyms45nswyny42mzcgmjcuodaxldixljgyocayny44mdesmtqunjyyiemyny44mdesny40otugmjeuotusms42odygmtqunzmzldeunjg2iibmawxspsijymqwodfjij48l3bhdgg+pc9npjwvc3znpg==); background-size: 14px 14px; background-color: #bd081c; position: absolute; opacity: 1; z-index: 8675309; display: none; cursor: pointer; border: none; -webkit-font-smoothing: antialiased; top: 1053px; left: 254px; background-position: 3px 50%; background-repeat: no-repeat no-repeat;\">Guardar<\/span><\/p>\n<div class=\"pdfprnt-buttons pdfprnt-buttons-post pdfprnt-bottom-left\"><a href=\"https:\/\/articulo30.org\/politica-defensa\/wp-json\/wp\/v2\/posts\/713?print=print\" class=\"pdfprnt-button pdfprnt-button-print\" target=\"_blank\" ><img decoding=\"async\" src=\"http:\/\/articulo30.org\/politica-defensa\/wp-content\/plugins\/pdf-print\/images\/print.png\" alt=\"image_print\" title=\"Imprimir contenido\" \/><span class=\"pdfprnt-button-title pdfprnt-button-print-title\">Imprimir<\/span><\/a><\/div>","protected":false},"excerpt":{"rendered":"<p>El mundo asiste a lo que han denominado \u201cel retorno de la Historia\u201d, la vuelta a la relaci\u00f3n competitiva de seguridad entre grandes potencias. Un contexto impredecible, opuesto a cualquier planteamiento determinista. Estas situaciones est\u00e1n plasmadas en la historia y, aquellos actores internacionales incapaces de identificar los cambios o no se adaptaron a ellos, tuvieron&#8230;<\/p>\n","protected":false},"author":4,"featured_media":1891,"comment_status":"closed","ping_status":"closed","sticky":false,"template":"","format":"standard","meta":{"footnotes":""},"categories":[218,1],"tags":[51,8,78],"class_list":["post-713","post","type-post","status-publish","format-standard","has-post-thumbnail","hentry","category-cultura-estrategica","category-espana","tag-espana","tag-geopolitica","tag-union-europea"],"_links":{"self":[{"href":"https:\/\/articulo30.org\/politica-defensa\/wp-json\/wp\/v2\/posts\/713","targetHints":{"allow":["GET"]}}],"collection":[{"href":"https:\/\/articulo30.org\/politica-defensa\/wp-json\/wp\/v2\/posts"}],"about":[{"href":"https:\/\/articulo30.org\/politica-defensa\/wp-json\/wp\/v2\/types\/post"}],"author":[{"embeddable":true,"href":"https:\/\/articulo30.org\/politica-defensa\/wp-json\/wp\/v2\/users\/4"}],"replies":[{"embeddable":true,"href":"https:\/\/articulo30.org\/politica-defensa\/wp-json\/wp\/v2\/comments?post=713"}],"version-history":[{"count":10,"href":"https:\/\/articulo30.org\/politica-defensa\/wp-json\/wp\/v2\/posts\/713\/revisions"}],"predecessor-version":[{"id":1894,"href":"https:\/\/articulo30.org\/politica-defensa\/wp-json\/wp\/v2\/posts\/713\/revisions\/1894"}],"wp:featuredmedia":[{"embeddable":true,"href":"https:\/\/articulo30.org\/politica-defensa\/wp-json\/wp\/v2\/media\/1891"}],"wp:attachment":[{"href":"https:\/\/articulo30.org\/politica-defensa\/wp-json\/wp\/v2\/media?parent=713"}],"wp:term":[{"taxonomy":"category","embeddable":true,"href":"https:\/\/articulo30.org\/politica-defensa\/wp-json\/wp\/v2\/categories?post=713"},{"taxonomy":"post_tag","embeddable":true,"href":"https:\/\/articulo30.org\/politica-defensa\/wp-json\/wp\/v2\/tags?post=713"}],"curies":[{"name":"wp","href":"https:\/\/api.w.org\/{rel}","templated":true}]}}